{"id":95,"date":"2016-10-09T16:31:14","date_gmt":"2016-10-09T14:31:14","guid":{"rendered":"http:\/\/www.amateurphoto.fr\/pvcc\/?p=95"},"modified":"2016-10-28T00:59:26","modified_gmt":"2016-10-27T22:59:26","slug":"transparence-10-06-16","status":"publish","type":"post","link":"https:\/\/www.amateurphoto.fr\/pvcc\/transparence-10-06-16\/","title":{"rendered":"Concours r\u00e9gional 2017"},"content":{"rendered":"<p>Cette ann\u00e9e c&rsquo;est le club Grand-Angle \u00e0 Villers-Cotter\u00eat qui organise le jugement du concours.<\/p>\n<p><a href=\"http:\/\/ur19.federation-photo.fr\/activites\/concours-regionaux\/\" target=\"_blank\">Lien vers le site de l&rsquo;UR19<\/a><\/p>\n","protected":false},"excerpt":{"rendered":"<p>Cette ann\u00e9e c&rsquo;est le club Grand-Angle \u00e0 Villers-Cotter\u00eat qui organise le jugement du concours. Lien vers le site de l&rsquo;UR19<\/p>\n","protected":false},"author":1,"featured_media":0,"comment_status":"open","ping_status":"open","sticky":false,"template":"","format":"standard","meta":{"ngg_post_thumbnail":0,"_vp_format_video_url":"","_vp_image_focal_point":[],"footnotes":""},"categories":[26,3,46,8],"tags":[],"class_list":["post-95","post","type-post","status-publish","format-standard","hentry","category-agenda","category-concours-photo","category-manifestations","category-regional-fpf"],"aioseo_notices":[],"builder_content":"","_links":{"self":[{"href":"https:\/\/www.amateurphoto.fr\/pvcc\/wp-json\/wp\/v2\/posts\/95","targetHints":{"allow":["GET"]}}],"collection":[{"href":"https:\/\/www.amateurphoto.fr\/pvcc\/wp-json\/wp\/v2\/posts"}],"about":[{"href":"https:\/\/www.amateurphoto.fr\/pvcc\/wp-json\/wp\/v2\/types\/post"}],"author":[{"embeddable":true,"href":"https:\/\/www.amateurphoto.fr\/pvcc\/wp-json\/wp\/v2\/users\/1"}],"replies":[{"embeddable":true,"href":"https:\/\/www.amateurphoto.fr\/pvcc\/wp-json\/wp\/v2\/comments?post=95"}],"version-history":[{"count":11,"href":"https:\/\/www.amateurphoto.fr\/pvcc\/wp-json\/wp\/v2\/posts\/95\/revisions"}],"predecessor-version":[{"id":532,"href":"https:\/\/www.amateurphoto.fr\/pvcc\/wp-json\/wp\/v2\/posts\/95\/revisions\/532"}],"wp:attachment":[{"href":"https:\/\/www.amateurphoto.fr\/pvcc\/wp-json\/wp\/v2\/media?parent=95"}],"wp:term":[{"taxonomy":"category","embeddable":true,"href":"https:\/\/www.amateurphoto.fr\/pvcc\/wp-json\/wp\/v2\/categories?post=95"},{"taxonomy":"post_tag","embeddable":true,"href":"https:\/\/www.amateurphoto.fr\/pvcc\/wp-json\/wp\/v2\/tags?post=95"}],"curies":[{"name":"wp","href":"https:\/\/api.w.org\/{rel}","templated":true}]}}