{"id":8769,"date":"2024-10-04T18:07:36","date_gmt":"2024-10-04T16:07:36","guid":{"rendered":"https:\/\/www.amateurphoto.fr\/pvcc\/?p=8769"},"modified":"2024-10-25T10:22:31","modified_gmt":"2024-10-25T08:22:31","slug":"programme-saison-2024-2025","status":"publish","type":"post","link":"https:\/\/www.amateurphoto.fr\/pvcc\/programme-saison-2024-2025\/","title":{"rendered":"Programme Saison 2024-2025"},"content":{"rendered":"<!--themify_builder_content-->\n<div id=\"themify_builder_content-8769\" data-postid=\"8769\" class=\"themify_builder_content themify_builder_content-8769 themify_builder tf_clear\">\n                    <div  data-lazy=\"1\" class=\"module_row themify_builder_row tb_v7v9510 tb_first tf_w\">\n                        <div class=\"row_inner col_align_top tb_col_count_1 tf_box tf_rel\">\n                        <div  data-lazy=\"1\" class=\"module_column tb-column col-full tb_nnco510 first\">\n                    <!-- module text -->\n<div  class=\"module module-text tb_62q7495   \" data-lazy=\"1\">\n        <div  class=\"tb_text_wrap\">\n        <h2>Pour chaque s\u00e9ance t\u00e9l\u00e9chargez entre 5 et 10 photos.<\/h2>    <\/div>\n<\/div>\n<!-- \/module text -->        <\/div>\n                        <\/div>\n        <\/div>\n                        <div  data-lazy=\"1\" class=\"module_row themify_builder_row tb_y75e450 tf_w\">\n                        <div class=\"row_inner col_align_top tb_col_count_1 tf_box tf_rel\">\n                        <div  data-lazy=\"1\" class=\"module_column tb-column col-full tb_nck1450 first\">\n                    <!-- module text -->\n<div  class=\"module module-text tb_12d536   \" data-lazy=\"1\">\n        <div  class=\"tb_text_wrap\">\n        <table style=\"width: 108%; height: 1046px;\" width=\"0\">\n<tbody>\n<tr style=\"height: 56px;\">\n<td style=\"height: 10px; width: 16.6253%;\">\n<p>Vendredi<\/p>\n<\/td>\n<td style=\"height: 10px; width: 19.4009%;\">\n<p>18\/10\/2024<\/p>\n<\/td>\n<td style=\"height: 10px; width: 46.6405%;\">\n<p>R\u00e9union Club &#8211; Lien de chargement de vos photos : <a href=\"https:\/\/www.amateurphoto.fr\/pvcc\/kdrive\/\">Th\u00e8me libre<\/a><\/p>\n<\/td>\n<td style=\"height: 10px; width: 25.5518%;\">&nbsp;<\/td>\n<\/tr>\n<tr style=\"height: 84px;\">\n<td style=\"height: 84px; width: 16.6253%;\">\n<p>Vendredi<\/p>\n<\/td>\n<td style=\"height: 84px; width: 19.4009%;\">\n<p>25\/10\/2024<\/p>\n<\/td>\n<td style=\"height: 84px; width: 46.6405%;\">\n<p>R\u00e9union Club &#8211; Pr\u00e9sentation Auteur &#8211; Maltete<\/p>\n<\/td>\n<td style=\"height: 84px; width: 25.5518%;\">\n<p>Michel Benichou<\/p>\n<\/td>\n<\/tr>\n<tr style=\"height: 84px;\">\n<td style=\"height: 84px; width: 16.6253%;\">\n<p>Samedi<\/p>\n<\/td>\n<td style=\"height: 84px; width: 19.4009%;\">\n<p>26\/10\/2024<\/p>\n<\/td>\n<td style=\"height: 84px; width: 46.6405%;\">\n<p>Sortie &#8211; For\u00eat &#8211; <a href=\"https:\/\/www.amateurphoto.fr\/pvcc\/kdrive\/\">Couleur d&rsquo;automne\/champignons<\/a><\/p>\n<p>Selon m\u00e9t\u00e9o et couleurs de la for\u00eat.<\/p>\n<\/td>\n<td style=\"height: 84px; width: 25.5518%;\">\n<p>Fr\u00e9d\u00e9ric Trocellier<\/p>\n<\/td>\n<\/tr>\n<tr style=\"height: 56px;\">\n<td style=\"height: 56px; width: 16.6253%;\">\n<p>Vendredi<\/p>\n<\/td>\n<td style=\"height: 56px; width: 19.4009%;\">\n<p>01\/11\/2024<\/p>\n<\/td>\n<td style=\"height: 56px; width: 46.6405%;\">\n<p>F\u00e9ri\u00e9<\/p>\n<\/td>\n<td style=\"height: 56px; width: 25.5518%;\">&nbsp;<\/td>\n<\/tr>\n<tr style=\"height: 112px;\">\n<td style=\"height: 112px; width: 16.6253%;\">\n<p>Vendredi<\/p>\n<\/td>\n<td style=\"height: 112px; width: 19.4009%;\">\n<p>08\/11\/2024<\/p>\n<\/td>\n<td style=\"height: 112px; width: 46.6405%;\">\n<p>R\u00e9union Club &#8211; Exercice &#8211; Atelier notation comment noter et appr\u00e9hender une photo<\/p>\n<\/td>\n<td style=\"height: 112px; width: 25.5518%;\">\n<p>Fr\u00e9d\u00e9ric Trocellier<\/p>\n<\/td>\n<\/tr>\n<tr style=\"height: 84px;\">\n<td style=\"height: 84px; width: 16.6253%;\">\n<p>Vendredi<\/p>\n<\/td>\n<td style=\"height: 84px; width: 19.4009%;\">\n<p>15\/11\/2024<\/p>\n<\/td>\n<td style=\"height: 84px; width: 46.6405%;\">\n<p>R\u00e9union Club &#8211; Photocomp &#8211; Th\u00e8me : Ombre chinoise<\/p>\n<\/td>\n<td style=\"height: 84px; width: 25.5518%;\">&nbsp;<\/td>\n<\/tr>\n<tr style=\"height: 56px;\">\n<td style=\"height: 56px; width: 16.6253%;\">\n<p>Vendredi<\/p>\n<\/td>\n<td style=\"height: 56px; width: 19.4009%;\">\n<p>22\/11\/2024<\/p>\n<\/td>\n<td style=\"height: 56px; width: 46.6405%;\">\n<p>R\u00e9union Club &#8211; Th\u00e8me libre<\/p>\n<\/td>\n<td style=\"height: 56px; width: 25.5518%;\">&nbsp;<\/td>\n<\/tr>\n<tr style=\"height: 112px;\">\n<td style=\"height: 112px; width: 16.6253%;\">\n<p>Vendredi<\/p>\n<\/td>\n<td style=\"height: 112px; width: 19.4009%;\">\n<p>29\/11\/2024<\/p>\n<\/td>\n<td style=\"height: 112px; width: 46.6405%;\">\n<p>R\u00e9union Club &#8211; Pr\u00e9paration\/pr\u00e9 s\u00e9lection des Nationaux papier couleur et monochrome,<\/p>\n<\/td>\n<td style=\"height: 112px; width: 25.5518%;\">&nbsp;<\/td>\n<\/tr>\n<tr style=\"height: 56px;\">\n<td style=\"height: 56px; width: 16.6253%;\">\n<p>Vendredi<\/p>\n<\/td>\n<td style=\"height: 56px; width: 19.4009%;\">\n<p>06\/12\/2024<\/p>\n<\/td>\n<td style=\"height: 56px; width: 46.6405%;\">\n<p>R\u00e9union Club &#8211; Th\u00e8me libre<\/p>\n<\/td>\n<td style=\"height: 56px; width: 25.5518%;\">&nbsp;<\/td>\n<\/tr>\n<tr style=\"height: 84px;\">\n<td style=\"height: 84px; width: 16.6253%;\">\n<p>Samedi<\/p>\n<\/td>\n<td style=\"height: 84px; width: 19.4009%;\">\n<p>07\/12\/2024<\/p>\n<\/td>\n<td style=\"height: 84px; width: 46.6405%;\">\n<p>Initiation portrait\/technique de studio 14h-17h<\/p>\n<\/td>\n<td style=\"height: 84px; width: 25.5518%;\">\n<p>Fr\u00e9d\u00e9ric Trocellier<\/p>\n<\/td>\n<\/tr>\n<tr style=\"height: 84px;\">\n<td style=\"height: 84px; width: 16.6253%;\">\n<p>Vendredi<\/p>\n<\/td>\n<td style=\"height: 84px; width: 19.4009%;\">\n<p>13\/12\/2024<\/p>\n<\/td>\n<td style=\"height: 84px; width: 46.6405%;\">\n<p>R\u00e9union Club &#8211; Pr\u00e9sentation Auteur &#8211; Brassa\u00ef<\/p>\n<\/td>\n<td style=\"height: 84px; width: 25.5518%;\">\n<p>Michel Benichou<\/p>\n<\/td>\n<\/tr>\n<tr style=\"height: 112px;\">\n<td style=\"height: 112px; width: 16.6253%;\">\n<p>Vendredi<\/p>\n<\/td>\n<td style=\"height: 112px; width: 19.4009%;\">\n<p>20\/12\/2024<\/p>\n<\/td>\n<td style=\"height: 112px; width: 46.6405%;\">\n<p>Der de l&rsquo;ann\u00e9e Sortie en ville \/ March\u00e9 et Lumi\u00e8res de No\u00ebl \/ vin chaud !<\/p>\n<\/td>\n<td style=\"height: 112px; width: 25.5518%;\">&nbsp;<\/td>\n<\/tr>\n<tr style=\"height: 56px;\">\n<td style=\"height: 56px; width: 16.6253%;\">&nbsp;<\/td>\n<td style=\"height: 56px; width: 19.4009%;\">&nbsp;<\/td>\n<td style=\"height: 56px; width: 46.6405%;\">\n<p>RDV \u00e0 partir de 18h<\/p>\n<\/td>\n<td style=\"height: 56px; width: 25.5518%;\">&nbsp;<\/td>\n<\/tr>\n<\/tbody>\n<\/table>    <\/div>\n<\/div>\n<!-- \/module text -->        <\/div>\n                        <\/div>\n        <\/div>\n        <\/div>\n<!--\/themify_builder_content-->","protected":false},"excerpt":{"rendered":"<p>Pour chaque s\u00e9ance t\u00e9l\u00e9chargez entre 5 et 10 photos.<\/p>\n","protected":false},"author":1,"featured_media":0,"comment_status":"open","ping_status":"open","sticky":false,"template":"","format":"standard","meta":{"ngg_post_thumbnail":0,"_vp_format_video_url":"","_vp_image_focal_point":[],"footnotes":""},"categories":[26,105,28],"tags":[],"class_list":["post-8769","post","type-post","status-publish","format-standard","hentry","category-agenda","category-reunions-club","category-reunions-du-vendredi"],"aioseo_notices":[],"builder_content":"<h2>Pour chaque s\u00e9ance t\u00e9l\u00e9chargez entre 5 et 10 photos.<\/h2>\n<table style=\"width: 108%; height: 1046px;\" width=\"0\"> <tbody> <tr style=\"height: 56px;\"> <td style=\"height: 10px; width: 16.6253%;\"> <p>Vendredi<\/p> <\/td> <td style=\"height: 10px; width: 19.4009%;\"> <p>18\/10\/2024<\/p> <\/td> <td style=\"height: 10px; width: 46.6405%;\"> <p>R\u00e9union Club - Lien de chargement de vos photos : <a href=\"https:\/\/www.amateurphoto.fr\/pvcc\/kdrive\/\">Th\u00e8me libre<\/a><\/p> <\/td> <td style=\"height: 10px; width: 25.5518%;\">&nbsp;<\/td> <\/tr> <tr style=\"height: 84px;\"> <td style=\"height: 84px; width: 16.6253%;\"> <p>Vendredi<\/p> <\/td> <td style=\"height: 84px; width: 19.4009%;\"> <p>25\/10\/2024<\/p> <\/td> <td style=\"height: 84px; width: 46.6405%;\"> <p>R\u00e9union Club - Pr\u00e9sentation Auteur - Maltete<\/p> <\/td> <td style=\"height: 84px; width: 25.5518%;\"> <p>Michel Benichou<\/p> <\/td> <\/tr> <tr style=\"height: 84px;\"> <td style=\"height: 84px; width: 16.6253%;\"> <p>Samedi<\/p> <\/td> <td style=\"height: 84px; width: 19.4009%;\"> <p>26\/10\/2024<\/p> <\/td> <td style=\"height: 84px; width: 46.6405%;\"> <p>Sortie - For\u00eat - <a href=\"https:\/\/www.amateurphoto.fr\/pvcc\/kdrive\/\">Couleur d'automne\/champignons<\/a><\/p> <p>Selon m\u00e9t\u00e9o et couleurs de la for\u00eat.<\/p> <\/td> <td style=\"height: 84px; width: 25.5518%;\"> <p>Fr\u00e9d\u00e9ric Trocellier<\/p> <\/td> <\/tr> <tr style=\"height: 56px;\"> <td style=\"height: 56px; width: 16.6253%;\"> <p>Vendredi<\/p> <\/td> <td style=\"height: 56px; width: 19.4009%;\"> <p>01\/11\/2024<\/p> <\/td> <td style=\"height: 56px; width: 46.6405%;\"> <p>F\u00e9ri\u00e9<\/p> <\/td> <td style=\"height: 56px; width: 25.5518%;\">&nbsp;<\/td> <\/tr> <tr style=\"height: 112px;\"> <td style=\"height: 112px; width: 16.6253%;\"> <p>Vendredi<\/p> <\/td> <td style=\"height: 112px; width: 19.4009%;\"> <p>08\/11\/2024<\/p> <\/td> <td style=\"height: 112px; width: 46.6405%;\"> <p>R\u00e9union Club - Exercice - Atelier notation comment noter et appr\u00e9hender une photo<\/p> <\/td> <td style=\"height: 112px; width: 25.5518%;\"> <p>Fr\u00e9d\u00e9ric Trocellier<\/p> <\/td> <\/tr> <tr style=\"height: 84px;\"> <td style=\"height: 84px; width: 16.6253%;\"> <p>Vendredi<\/p> <\/td> <td style=\"height: 84px; width: 19.4009%;\"> <p>15\/11\/2024<\/p> <\/td> <td style=\"height: 84px; width: 46.6405%;\"> <p>R\u00e9union Club - Photocomp - Th\u00e8me : Ombre chinoise<\/p> <\/td> <td style=\"height: 84px; width: 25.5518%;\">&nbsp;<\/td> <\/tr> <tr style=\"height: 56px;\"> <td style=\"height: 56px; width: 16.6253%;\"> <p>Vendredi<\/p> <\/td> <td style=\"height: 56px; width: 19.4009%;\"> <p>22\/11\/2024<\/p> <\/td> <td style=\"height: 56px; width: 46.6405%;\"> <p>R\u00e9union Club - Th\u00e8me libre<\/p> <\/td> <td style=\"height: 56px; width: 25.5518%;\">&nbsp;<\/td> <\/tr> <tr style=\"height: 112px;\"> <td style=\"height: 112px; width: 16.6253%;\"> <p>Vendredi<\/p> <\/td> <td style=\"height: 112px; width: 19.4009%;\"> <p>29\/11\/2024<\/p> <\/td> <td style=\"height: 112px; width: 46.6405%;\"> <p>R\u00e9union Club - Pr\u00e9paration\/pr\u00e9 s\u00e9lection des Nationaux papier couleur et monochrome,<\/p> <\/td> <td style=\"height: 112px; width: 25.5518%;\">&nbsp;<\/td> <\/tr> <tr style=\"height: 56px;\"> <td style=\"height: 56px; width: 16.6253%;\"> <p>Vendredi<\/p> <\/td> <td style=\"height: 56px; width: 19.4009%;\"> <p>06\/12\/2024<\/p> <\/td> <td style=\"height: 56px; width: 46.6405%;\"> <p>R\u00e9union Club - Th\u00e8me libre<\/p> <\/td> <td style=\"height: 56px; width: 25.5518%;\">&nbsp;<\/td> <\/tr> <tr style=\"height: 84px;\"> <td style=\"height: 84px; width: 16.6253%;\"> <p>Samedi<\/p> <\/td> <td style=\"height: 84px; width: 19.4009%;\"> <p>07\/12\/2024<\/p> <\/td> <td style=\"height: 84px; width: 46.6405%;\"> <p>Initiation portrait\/technique de studio 14h-17h<\/p> <\/td> <td style=\"height: 84px; width: 25.5518%;\"> <p>Fr\u00e9d\u00e9ric Trocellier<\/p> <\/td> <\/tr> <tr style=\"height: 84px;\"> <td style=\"height: 84px; width: 16.6253%;\"> <p>Vendredi<\/p> <\/td> <td style=\"height: 84px; width: 19.4009%;\"> <p>13\/12\/2024<\/p> <\/td> <td style=\"height: 84px; width: 46.6405%;\"> <p>R\u00e9union Club - Pr\u00e9sentation Auteur - Brassa\u00ef<\/p> <\/td> <td style=\"height: 84px; width: 25.5518%;\"> <p>Michel Benichou<\/p> <\/td> <\/tr> <tr style=\"height: 112px;\"> <td style=\"height: 112px; width: 16.6253%;\"> <p>Vendredi<\/p> <\/td> <td style=\"height: 112px; width: 19.4009%;\"> <p>20\/12\/2024<\/p> <\/td> <td style=\"height: 112px; width: 46.6405%;\"> <p>Der de l'ann\u00e9e Sortie en ville \/ March\u00e9 et Lumi\u00e8res de No\u00ebl \/ vin chaud !<\/p> <\/td> <td style=\"height: 112px; width: 25.5518%;\">&nbsp;<\/td> <\/tr> <tr style=\"height: 56px;\"> <td style=\"height: 56px; width: 16.6253%;\">&nbsp;<\/td> <td style=\"height: 56px; width: 19.4009%;\">&nbsp;<\/td> <td style=\"height: 56px; width: 46.6405%;\"> <p>RDV \u00e0 partir de 18h<\/p> <\/td> <td style=\"height: 56px; width: 25.5518%;\">&nbsp;<\/td> <\/tr> <\/tbody> <\/table>","_links":{"self":[{"href":"https:\/\/www.amateurphoto.fr\/pvcc\/wp-json\/wp\/v2\/posts\/8769","targetHints":{"allow":["GET"]}}],"collection":[{"href":"https:\/\/www.amateurphoto.fr\/pvcc\/wp-json\/wp\/v2\/posts"}],"about":[{"href":"https:\/\/www.amateurphoto.fr\/pvcc\/wp-json\/wp\/v2\/types\/post"}],"author":[{"embeddable":true,"href":"https:\/\/www.amateurphoto.fr\/pvcc\/wp-json\/wp\/v2\/users\/1"}],"replies":[{"embeddable":true,"href":"https:\/\/www.amateurphoto.fr\/pvcc\/wp-json\/wp\/v2\/comments?post=8769"}],"version-history":[{"count":21,"href":"https:\/\/www.amateurphoto.fr\/pvcc\/wp-json\/wp\/v2\/posts\/8769\/revisions"}],"predecessor-version":[{"id":9198,"href":"https:\/\/www.amateurphoto.fr\/pvcc\/wp-json\/wp\/v2\/posts\/8769\/revisions\/9198"}],"wp:attachment":[{"href":"https:\/\/www.amateurphoto.fr\/pvcc\/wp-json\/wp\/v2\/media?parent=8769"}],"wp:term":[{"taxonomy":"category","embeddable":true,"href":"https:\/\/www.amateurphoto.fr\/pvcc\/wp-json\/wp\/v2\/categories?post=8769"},{"taxonomy":"post_tag","embeddable":true,"href":"https:\/\/www.amateurphoto.fr\/pvcc\/wp-json\/wp\/v2\/tags?post=8769"}],"curies":[{"name":"wp","href":"https:\/\/api.w.org\/{rel}","templated":true}]}}