{"id":8428,"date":"2024-03-23T16:31:18","date_gmt":"2024-03-23T15:31:18","guid":{"rendered":"https:\/\/www.amateurphoto.fr\/pvcc\/?p=8428"},"modified":"2024-03-24T00:09:14","modified_gmt":"2024-03-23T23:09:14","slug":"reunion-du-22-mars-2024","status":"publish","type":"post","link":"https:\/\/www.amateurphoto.fr\/pvcc\/reunion-du-22-mars-2024\/","title":{"rendered":"R\u00e9union du 22 mars 2024"},"content":{"rendered":"<!--themify_builder_content-->\n<div id=\"themify_builder_content-8428\" data-postid=\"8428\" class=\"themify_builder_content themify_builder_content-8428 themify_builder tf_clear\">\n                    <div  data-lazy=\"1\" class=\"module_row themify_builder_row tb_ti53238 tb_first tf_w\">\n                        <div class=\"row_inner col_align_top tb_col_count_1 tf_box tf_rel\">\n                        <div  data-lazy=\"1\" class=\"module_column tb-column col-full tb_tpxo238 first\">\n                    <!-- module text -->\n<div  class=\"module module-text tb_l76n582   \" data-lazy=\"1\">\n        <div  class=\"tb_text_wrap\">\n        <h3>Jugement d&rsquo;une photo lors d&rsquo;un concours :<\/h3>\n<p>Retrouvez ci-joint le lien vers <a href=\"https:\/\/www.amateurphoto.fr\/pvcc\/Fichiers_pdf\/Formation\/Jugement_photo.pdf\">quelques d\u00e9finitions<\/a> :<\/p>    <\/div>\n<\/div>\n<!-- \/module text --><!-- module divider -->\n<div  class=\"module tf_mw module-divider tb_co2792 solid   \" style=\"border-width: 1px;border-color: #000;\" data-lazy=\"1\">\n    <\/div>\n<!-- \/module divider -->\n        <\/div>\n                        <\/div>\n        <\/div>\n                        <div  data-lazy=\"1\" class=\"module_row themify_builder_row tb_i5k7512 tf_w\">\n                        <div class=\"row_inner col_align_top tb_col_count_2 tf_box tf_rel\">\n                        <div  data-lazy=\"1\" class=\"module_column tb-column col4-2 tb_zf34513 first\">\n                    <!-- module text -->\n<div  class=\"module module-text tb_l5qp978   \" data-lazy=\"1\">\n        <div  class=\"tb_text_wrap\">\n        <h3 style=\"margin-top: 0px; line-height: 1.21739;\">Webconf\u00e9rences Auteurs &#8211; Le Turk &#8211;<\/h3><h5 style=\"margin-top: 0px; line-height: 1.10526;\">MERCREDI 27 MARS 2024 \u00c0 20H30 SUR TEAMS<\/h5><p>Pour vous s&rsquo;inscrire, c&rsquo;est tr\u00e8s simple ! Il vous suffit de cliquer sur le bouton ci-dessous !&nbsp;<\/p><table style=\"width: 103.001%; height: 123px;\" width=\"300\"><tbody><tr><td style=\"background-color: #439ff0; width: 100%;\"><p style=\"text-align: center;\"><span style=\"color: #ffffff; font-size: 20px;\"><a style=\"color: #ffffff;\" href=\"https:\/\/5t8d3.r.sp1-brevo.net\/mk\/cl\/f\/sh\/1t6Af4OiGsDg0ir9UhSMsmDTNB4YgF\/10hfZlU-T5Jc\" data-btn=\"1\"><strong>Voir le d\u00e9tail et vous<\/strong><\/a>&nbsp;<br><\/span><span style=\"color: #ffffff; font-size: 20px;\"><a style=\"color: #ffffff;\" href=\"https:\/\/5t8d3.r.sp1-brevo.net\/mk\/cl\/f\/sh\/1t6Af4OiGsDg0ir9UhSMsmDTNB4YgF\/10hfZlU-T5Jc\" data-btn=\"1\"><strong>inscrire maintenant<\/strong><\/a><\/span><\/p><\/td><\/tr><\/tbody><\/table>    <\/div>\n<\/div>\n<!-- \/module text -->        <\/div>\n                    <div  data-lazy=\"1\" class=\"module_column tb-column col4-2 tb_wtvs935 last\">\n                    <!-- module text -->\n<div  class=\"module module-text tb_o2dx636   \" data-lazy=\"1\">\n        <div  class=\"tb_text_wrap\">\n        <p><a href=\"http:\/\/www.amateurphoto.fr\/pvcc\/wp-content\/uploads\/2024\/03\/Le-Turk.jpg\"><img loading=\"lazy\" decoding=\"async\" class=\"alignleft size-full wp-image-8431\" src=\"http:\/\/www.amateurphoto.fr\/pvcc\/wp-content\/uploads\/2024\/03\/Le-Turk.jpg\" alt=\"\" width=\"603\" height=\"872\" srcset=\"https:\/\/www.amateurphoto.fr\/pvcc\/wp-content\/uploads\/2024\/03\/Le-Turk.jpg 603w, https:\/\/www.amateurphoto.fr\/pvcc\/wp-content\/uploads\/2024\/03\/Le-Turk-207x300.jpg 207w, https:\/\/www.amateurphoto.fr\/pvcc\/wp-content\/uploads\/2024\/03\/Le-Turk-500x723.jpg 500w\" sizes=\"auto, (max-width: 709px) 85vw, (max-width: 909px) 67vw, (max-width: 984px) 61vw, (max-width: 1362px) 45vw, 600px\" \/><\/a><\/p>    <\/div>\n<\/div>\n<!-- \/module text -->        <\/div>\n                        <\/div>\n        <\/div>\n                        <div  data-lazy=\"1\" class=\"module_row themify_builder_row tb_7rbn359 tf_w\">\n                        <div class=\"row_inner col_align_top tb_col_count_1 tf_box tf_rel\">\n                        <div  data-lazy=\"1\" class=\"module_column tb-column col-full tb_palz359 first\">\n                    <!-- module divider -->\n<div  class=\"module tf_mw module-divider tb_tqv3119 solid   \" style=\"border-width: 1px;border-color: #000;\" data-lazy=\"1\">\n    <\/div>\n<!-- \/module divider -->\n        <\/div>\n                        <\/div>\n        <\/div>\n                        <div  data-lazy=\"1\" class=\"module_row themify_builder_row tb_ywuk118 tf_w\">\n                        <div class=\"row_inner col_align_top tb_col_count_1 tf_box tf_rel\">\n                        <div  data-lazy=\"1\" class=\"module_column tb-column col-full tb_fbzh118 first\">\n                    <!-- module text -->\n<div  class=\"module module-text tb_sy61595   \" data-lazy=\"1\">\n        <div  class=\"tb_text_wrap\">\n        <h3>EPEE SENIOR H&amp;D, Circuit R\u00e9gional Individuel<\/h3>\n<p>Bonjour \u00e0 tous,<\/p>\n<p>Dans le cadre de la pr\u00e9paration de l\u2019expo \u00ab&nbsp;Terres de jeux&nbsp;\u00bb de juillet prochain, je vous propose de venir assister \u00e0 la prochaine comp\u00e9tition organis\u00e9e par le Cercle d\u2019Escrime de Compi\u00e8gne.<\/p>\n<p>La comp\u00e9tition se d\u00e9roule dans le gymnase du Man\u00e8ge sur le site de l\u2019ancienne Ecole d\u2019Etat Major.<\/p>\n<p>L\u2019\u00e9preuve aura lieu le Dimanche 31 mars <a href=\"http:\/\/www.escrime-hdf.fr\/wp-content\/uploads\/2018\/08\/20240331_Feuille-de-route-Compiegne_senior_Epee.pdf\" target=\"_blank\" rel=\"noopener\">\u00e0 partir de 10h et jusque 16h30<\/a> environ (selon le nombre d\u2019inscrits).<\/p>\n<p>Il s\u2019agit du Circuit r\u00e9gional Ep\u00e9e hommes et Dames S\u00e9nior (20\/40 ans).<\/p>\n<p>Les \u00e9preuves d\u00e9butent \u00e0 10h00 pour les hommes, 10h30 pour les femmes. <br>Les escrimeurs arriveront environ &amp;h avant les \u00e9preuves pour s\u2019inscrire et s\u2019\u00e9chauffer, nous y serons pour finir l\u2019installation.<\/p>\n<p>Le comit\u00e9 r\u00e9gional d\u2019escrime souhaitant que l\u2019acc\u00e8s aux pistes soit r\u00e9gularis\u00e9 durant les comp\u00e9titions, <a href=\"mailto:caroline.hillairet@free.fr\">j\u2019ai besoin de savoir qui souhaite venir et sur quel cr\u00e9neau pour une bonne organisation<\/a>.<\/p>\n<p>Pour votre info une \u00e9preuve d\u00e9partementale pour les enfants de 7 \u00e0 17 ans aura lieu le 26 mai avec un \u00e9v\u00e8nement sp\u00e9cial pour les 100 ans de la m\u00e9daille olympique de notre fondateur Georges Tainturier.<br>merci \u00e0 vous de votre int\u00e9r\u00eat \ud83d\ude0a<\/p>\n<p>Caroline<\/p>    <\/div>\n<\/div>\n<!-- \/module text -->        <\/div>\n                        <\/div>\n        <\/div>\n                        <div  data-lazy=\"1\" class=\"module_row themify_builder_row tb_njnn381 tf_w\">\n                        <div class=\"row_inner col_align_top tb_col_count_1 tf_box tf_rel\">\n                        <div  data-lazy=\"1\" class=\"module_column tb-column col-full tb_ek4u381 first\">\n                    <!-- module divider -->\n<div  class=\"module tf_mw module-divider tb_j962381 solid   \" style=\"border-width: 1px;border-color: #000;\" data-lazy=\"1\">\n    <\/div>\n<!-- \/module divider -->\n        <\/div>\n                        <\/div>\n        <\/div>\n                        <div  data-lazy=\"1\" class=\"module_row themify_builder_row tb_j52k174 tf_w\">\n                        <div class=\"row_inner col_align_top tb_col_count_2 tf_box tf_rel\">\n                        <div  data-lazy=\"1\" class=\"module_column tb-column col4-2 tb_gb7u174 first\">\n                    <!-- module text -->\n<div  class=\"module module-text tb_tqv7517   \" data-lazy=\"1\">\n        <div  class=\"tb_text_wrap\">\n        <p>A d\u00e9couvrir :<\/p><p><a href=\"https:\/\/www.amateurphoto.fr\/pvcc\/expositions-regionales\/\">Les expositions r\u00e9gionales.<\/a><\/p><p>Faites-moi part de vos d\u00e9couvertes<\/p>    <\/div>\n<\/div>\n<!-- \/module text -->        <\/div>\n                    <div  data-lazy=\"1\" class=\"module_column tb-column col4-2 tb_g33a7 last\">\n                    <!-- module text -->\n<div  class=\"module module-text tb_21jb295   \" data-lazy=\"1\">\n        <div  class=\"tb_text_wrap\">\n        <p><span style=\"font-size: 20px;\"><strong>Exposition chez Hutin :<\/strong><\/span><br>Christian \u00e0 l&rsquo;honneur avec M. le Maire :<\/p><p><a href=\"http:\/\/www.amateurphoto.fr\/pvcc\/wp-content\/uploads\/2024\/03\/20240322_153226-2.jpg\"><img loading=\"lazy\" decoding=\"async\" class=\"alignleft size-full wp-image-8447\" src=\"http:\/\/www.amateurphoto.fr\/pvcc\/wp-content\/uploads\/2024\/03\/20240322_153226-2.jpg\" alt=\"\" width=\"800\" height=\"430\" srcset=\"https:\/\/www.amateurphoto.fr\/pvcc\/wp-content\/uploads\/2024\/03\/20240322_153226-2.jpg 800w, https:\/\/www.amateurphoto.fr\/pvcc\/wp-content\/uploads\/2024\/03\/20240322_153226-2-300x161.jpg 300w, https:\/\/www.amateurphoto.fr\/pvcc\/wp-content\/uploads\/2024\/03\/20240322_153226-2-768x413.jpg 768w, https:\/\/www.amateurphoto.fr\/pvcc\/wp-content\/uploads\/2024\/03\/20240322_153226-2-500x269.jpg 500w\" sizes=\"auto, (max-width: 709px) 85vw, (max-width: 909px) 67vw, (max-width: 984px) 61vw, (max-width: 1362px) 45vw, 600px\" \/><\/a><\/p>    <\/div>\n<\/div>\n<!-- \/module text -->        <\/div>\n                        <\/div>\n        <\/div>\n                        <div  data-lazy=\"1\" class=\"module_row themify_builder_row tb_pyzs354 tf_w\">\n                        <div class=\"row_inner col_align_top tb_col_count_1 tf_box tf_rel\">\n                        <div  data-lazy=\"1\" class=\"module_column tb-column col-full tb_8cwq355 first\">\n                    <!-- module divider -->\n<div  class=\"module tf_mw module-divider tb_d3ac898 solid   \" style=\"border-width: 1px;border-color: #000;\" data-lazy=\"1\">\n    <\/div>\n<!-- \/module divider -->\n        <\/div>\n                        <\/div>\n        <\/div>\n                        <div  data-lazy=\"1\" class=\"module_row themify_builder_row tb_s9us888 tf_w\">\n                        <div class=\"row_inner col_align_top tb_col_count_1 tf_box tf_rel\">\n                        <div  data-lazy=\"1\" class=\"module_column tb-column col-full tb_kl4e888 first\">\n                    <!-- module text -->\n<div  class=\"module module-text tb_xpem888   \" data-lazy=\"1\">\n        <div  class=\"tb_text_wrap\">\n        <h5>Sauvegarder ses photos :<\/h5><p>Nous avons abord\u00e9 ce sujet rapidement, sauvegarder ses photos est un imp\u00e9ratif pour ne pas les perdre.<\/p><p>Je vous livre <a href=\"https:\/\/avecunphotographe.fr\/sauvegarder-ses-photos\/\" target=\"_blank\" rel=\"noopener\">un article<\/a> qui \u00e9voque le sujet pour vous faire une id\u00e9e plus pr\u00e9cise<\/p>    <\/div>\n<\/div>\n<!-- \/module text -->        <\/div>\n                        <\/div>\n        <\/div>\n        <\/div>\n<!--\/themify_builder_content-->","protected":false},"excerpt":{"rendered":"<p>Jugement d&rsquo;une photo lors d&rsquo;un concours : Retrouvez ci-joint le lien vers quelques d\u00e9finitions :<\/p>\n","protected":false},"author":1,"featured_media":0,"comment_status":"open","ping_status":"open","sticky":false,"template":"","format":"standard","meta":{"ngg_post_thumbnail":0,"_vp_format_video_url":"","_vp_image_focal_point":[],"footnotes":""},"categories":[105,28],"tags":[],"class_list":["post-8428","post","type-post","status-publish","format-standard","hentry","category-reunions-club","category-reunions-du-vendredi"],"aioseo_notices":[],"builder_content":"<h3>Jugement d'une photo lors d'un concours :<\/h3> <p>Retrouvez ci-joint le lien vers <a href=\"https:\/\/www.amateurphoto.fr\/pvcc\/Fichiers_pdf\/Formation\/Jugement_photo.pdf\">quelques d\u00e9finitions<\/a> :<\/p>\n\n<h3 style=\"margin-top: 0px; line-height: 1.21739;\">Webconf\u00e9rences Auteurs - Le Turk -<\/h3><h5 style=\"margin-top: 0px; line-height: 1.10526;\">MERCREDI 27 MARS 2024 \u00c0 20H30 SUR TEAMS<\/h5><p>Pour vous s'inscrire, c'est tr\u00e8s simple ! Il vous suffit de cliquer sur le bouton ci-dessous !&nbsp;<\/p><table style=\"width: 103.001%; height: 123px;\" width=\"300\"><tbody><tr><td style=\"background-color: #439ff0; width: 100%;\"><p style=\"text-align: center;\"><a style=\"color: #ffffff;\" href=\"https:\/\/5t8d3.r.sp1-brevo.net\/mk\/cl\/f\/sh\/1t6Af4OiGsDg0ir9UhSMsmDTNB4YgF\/10hfZlU-T5Jc\" data-btn=\"1\"><strong>Voir le d\u00e9tail et vous<\/strong><\/a>&nbsp;<br><a style=\"color: #ffffff;\" href=\"https:\/\/5t8d3.r.sp1-brevo.net\/mk\/cl\/f\/sh\/1t6Af4OiGsDg0ir9UhSMsmDTNB4YgF\/10hfZlU-T5Jc\" data-btn=\"1\"><strong>inscrire maintenant<\/strong><\/a><\/p><\/td><\/tr><\/tbody><\/table>\n<p><a href=\"http:\/\/www.amateurphoto.fr\/pvcc\/wp-content\/uploads\/2024\/03\/Le-Turk.jpg\"><img loading=\"lazy\" decoding=\"async\" src=\"http:\/\/www.amateurphoto.fr\/pvcc\/wp-content\/uploads\/2024\/03\/Le-Turk.jpg\" alt=\"\" width=\"603\" height=\"872\" srcset=\"https:\/\/www.amateurphoto.fr\/pvcc\/wp-content\/uploads\/2024\/03\/Le-Turk.jpg 603w, https:\/\/www.amateurphoto.fr\/pvcc\/wp-content\/uploads\/2024\/03\/Le-Turk-207x300.jpg 207w, https:\/\/www.amateurphoto.fr\/pvcc\/wp-content\/uploads\/2024\/03\/Le-Turk-500x723.jpg 500w\" sizes=\"auto, (max-width: 709px) 85vw, (max-width: 909px) 67vw, (max-width: 984px) 61vw, (max-width: 1362px) 45vw, 600px\" \/><\/a><\/p>\n\n<h3>EPEE SENIOR H&amp;D, Circuit R\u00e9gional Individuel<\/h3> <p>Bonjour \u00e0 tous,<\/p> <p>Dans le cadre de la pr\u00e9paration de l\u2019expo \u00ab&nbsp;Terres de jeux&nbsp;\u00bb de juillet prochain, je vous propose de venir assister \u00e0 la prochaine comp\u00e9tition organis\u00e9e par le Cercle d\u2019Escrime de Compi\u00e8gne.<\/p> <p>La comp\u00e9tition se d\u00e9roule dans le gymnase du Man\u00e8ge sur le site de l\u2019ancienne Ecole d\u2019Etat Major.<\/p> <p>L\u2019\u00e9preuve aura lieu le Dimanche 31 mars <a href=\"http:\/\/www.escrime-hdf.fr\/wp-content\/uploads\/2018\/08\/20240331_Feuille-de-route-Compiegne_senior_Epee.pdf\" target=\"_blank\" rel=\"noopener\">\u00e0 partir de 10h et jusque 16h30<\/a> environ (selon le nombre d\u2019inscrits).<\/p> <p>Il s\u2019agit du Circuit r\u00e9gional Ep\u00e9e hommes et Dames S\u00e9nior (20\/40 ans).<\/p> <p>Les \u00e9preuves d\u00e9butent \u00e0 10h00 pour les hommes, 10h30 pour les femmes. <br>Les escrimeurs arriveront environ &amp;h avant les \u00e9preuves pour s\u2019inscrire et s\u2019\u00e9chauffer, nous y serons pour finir l\u2019installation.<\/p> <p>Le comit\u00e9 r\u00e9gional d\u2019escrime souhaitant que l\u2019acc\u00e8s aux pistes soit r\u00e9gularis\u00e9 durant les comp\u00e9titions, <a href=\"mailto:caroline.hillairet@free.fr\">j\u2019ai besoin de savoir qui souhaite venir et sur quel cr\u00e9neau pour une bonne organisation<\/a>.<\/p> <p>Pour votre info une \u00e9preuve d\u00e9partementale pour les enfants de 7 \u00e0 17 ans aura lieu le 26 mai avec un \u00e9v\u00e8nement sp\u00e9cial pour les 100 ans de la m\u00e9daille olympique de notre fondateur Georges Tainturier.<br>merci \u00e0 vous de votre int\u00e9r\u00eat \ud83d\ude0a<\/p> <p>Caroline<\/p>\n\n<p>A d\u00e9couvrir :<\/p><p><a href=\"https:\/\/www.amateurphoto.fr\/pvcc\/expositions-regionales\/\">Les expositions r\u00e9gionales.<\/a><\/p><p>Faites-moi part de vos d\u00e9couvertes<\/p>\n<p><strong>Exposition chez Hutin :<\/strong><br>Christian \u00e0 l'honneur avec M. le Maire :<\/p><p><a href=\"http:\/\/www.amateurphoto.fr\/pvcc\/wp-content\/uploads\/2024\/03\/20240322_153226-2.jpg\"><img loading=\"lazy\" decoding=\"async\" src=\"http:\/\/www.amateurphoto.fr\/pvcc\/wp-content\/uploads\/2024\/03\/20240322_153226-2.jpg\" alt=\"\" width=\"800\" height=\"430\" srcset=\"https:\/\/www.amateurphoto.fr\/pvcc\/wp-content\/uploads\/2024\/03\/20240322_153226-2.jpg 800w, https:\/\/www.amateurphoto.fr\/pvcc\/wp-content\/uploads\/2024\/03\/20240322_153226-2-300x161.jpg 300w, https:\/\/www.amateurphoto.fr\/pvcc\/wp-content\/uploads\/2024\/03\/20240322_153226-2-768x413.jpg 768w, https:\/\/www.amateurphoto.fr\/pvcc\/wp-content\/uploads\/2024\/03\/20240322_153226-2-500x269.jpg 500w\" sizes=\"auto, (max-width: 709px) 85vw, (max-width: 909px) 67vw, (max-width: 984px) 61vw, (max-width: 1362px) 45vw, 600px\" \/><\/a><\/p>\n\n<h5>Sauvegarder ses photos :<\/h5><p>Nous avons abord\u00e9 ce sujet rapidement, sauvegarder ses photos est un imp\u00e9ratif pour ne pas les perdre.<\/p><p>Je vous livre <a href=\"https:\/\/avecunphotographe.fr\/sauvegarder-ses-photos\/\" target=\"_blank\" rel=\"noopener\">un article<\/a> qui \u00e9voque le sujet pour vous faire une id\u00e9e plus pr\u00e9cise<\/p>","_links":{"self":[{"href":"https:\/\/www.amateurphoto.fr\/pvcc\/wp-json\/wp\/v2\/posts\/8428","targetHints":{"allow":["GET"]}}],"collection":[{"href":"https:\/\/www.amateurphoto.fr\/pvcc\/wp-json\/wp\/v2\/posts"}],"about":[{"href":"https:\/\/www.amateurphoto.fr\/pvcc\/wp-json\/wp\/v2\/types\/post"}],"author":[{"embeddable":true,"href":"https:\/\/www.amateurphoto.fr\/pvcc\/wp-json\/wp\/v2\/users\/1"}],"replies":[{"embeddable":true,"href":"https:\/\/www.amateurphoto.fr\/pvcc\/wp-json\/wp\/v2\/comments?post=8428"}],"version-history":[{"count":31,"href":"https:\/\/www.amateurphoto.fr\/pvcc\/wp-json\/wp\/v2\/posts\/8428\/revisions"}],"predecessor-version":[{"id":8462,"href":"https:\/\/www.amateurphoto.fr\/pvcc\/wp-json\/wp\/v2\/posts\/8428\/revisions\/8462"}],"wp:attachment":[{"href":"https:\/\/www.amateurphoto.fr\/pvcc\/wp-json\/wp\/v2\/media?parent=8428"}],"wp:term":[{"taxonomy":"category","embeddable":true,"href":"https:\/\/www.amateurphoto.fr\/pvcc\/wp-json\/wp\/v2\/categories?post=8428"},{"taxonomy":"post_tag","embeddable":true,"href":"https:\/\/www.amateurphoto.fr\/pvcc\/wp-json\/wp\/v2\/tags?post=8428"}],"curies":[{"name":"wp","href":"https:\/\/api.w.org\/{rel}","templated":true}]}}