{"id":641,"date":"2016-11-05T10:00:20","date_gmt":"2016-11-05T09:00:20","guid":{"rendered":"http:\/\/www.amateurphoto.fr\/pvcc\/?p=641"},"modified":"2016-11-07T10:01:49","modified_gmt":"2016-11-07T09:01:49","slug":"vendredi-11-novembre","status":"publish","type":"post","link":"https:\/\/www.amateurphoto.fr\/pvcc\/vendredi-11-novembre\/","title":{"rendered":"Vendredi 11 novembre"},"content":{"rendered":"<figure id=\"attachment_643\" aria-describedby=\"caption-attachment-643\" style=\"width: 280px\" class=\"wp-caption alignleft\"><img loading=\"lazy\" decoding=\"async\" class=\" wp-image-643\" src=\"https:\/\/www.amateurphoto.fr\/pvcc\/wp-content\/uploads\/2016\/11\/Anneau-de-la-paix.jpg\" alt=\"Le mot &quot;paix&quot; \u00e9crit en 52 langues. Anneau qui c\u00e9l\u00e8bre le centenaire de la premi\u00e8re guerre mondiale.\" width=\"280\" height=\"420\" srcset=\"https:\/\/www.amateurphoto.fr\/pvcc\/wp-content\/uploads\/2016\/11\/Anneau-de-la-paix.jpg 400w, https:\/\/www.amateurphoto.fr\/pvcc\/wp-content\/uploads\/2016\/11\/Anneau-de-la-paix-200x300.jpg 200w\" sizes=\"auto, (max-width: 280px) 85vw, 280px\" \/><figcaption id=\"caption-attachment-643\" class=\"wp-caption-text\">Le mot \u00ab\u00a0paix\u00a0\u00bb \u00e9crit en 52 langues. Anneau qui c\u00e9l\u00e8bre le centenaire de la premi\u00e8re guerre mondiale.<\/figcaption><\/figure>\n<p>La r\u00e9union au club aura bien lieu.<\/p>\n<p>Analyse des photos pr\u00e9vues pour le r\u00e9gional 2017.<\/p>\n<p>Explications Nik Sofware par Christian.<\/p>\n<p>&nbsp;<\/p>\n","protected":false},"excerpt":{"rendered":"<p>La r\u00e9union au club aura bien lieu. Analyse des photos pr\u00e9vues pour le r\u00e9gional 2017. Explications Nik Sofware par Christian. &nbsp;<\/p>\n","protected":false},"author":1,"featured_media":0,"comment_status":"open","ping_status":"open","sticky":false,"template":"","format":"standard","meta":{"ngg_post_thumbnail":0,"_vp_format_video_url":"","_vp_image_focal_point":[],"footnotes":""},"categories":[28],"tags":[],"class_list":["post-641","post","type-post","status-publish","format-standard","hentry","category-reunions-du-vendredi"],"aioseo_notices":[],"builder_content":"","_links":{"self":[{"href":"https:\/\/www.amateurphoto.fr\/pvcc\/wp-json\/wp\/v2\/posts\/641","targetHints":{"allow":["GET"]}}],"collection":[{"href":"https:\/\/www.amateurphoto.fr\/pvcc\/wp-json\/wp\/v2\/posts"}],"about":[{"href":"https:\/\/www.amateurphoto.fr\/pvcc\/wp-json\/wp\/v2\/types\/post"}],"author":[{"embeddable":true,"href":"https:\/\/www.amateurphoto.fr\/pvcc\/wp-json\/wp\/v2\/users\/1"}],"replies":[{"embeddable":true,"href":"https:\/\/www.amateurphoto.fr\/pvcc\/wp-json\/wp\/v2\/comments?post=641"}],"version-history":[{"count":5,"href":"https:\/\/www.amateurphoto.fr\/pvcc\/wp-json\/wp\/v2\/posts\/641\/revisions"}],"predecessor-version":[{"id":710,"href":"https:\/\/www.amateurphoto.fr\/pvcc\/wp-json\/wp\/v2\/posts\/641\/revisions\/710"}],"wp:attachment":[{"href":"https:\/\/www.amateurphoto.fr\/pvcc\/wp-json\/wp\/v2\/media?parent=641"}],"wp:term":[{"taxonomy":"category","embeddable":true,"href":"https:\/\/www.amateurphoto.fr\/pvcc\/wp-json\/wp\/v2\/categories?post=641"},{"taxonomy":"post_tag","embeddable":true,"href":"https:\/\/www.amateurphoto.fr\/pvcc\/wp-json\/wp\/v2\/tags?post=641"}],"curies":[{"name":"wp","href":"https:\/\/api.w.org\/{rel}","templated":true}]}}