{"id":6303,"date":"2023-05-05T23:59:30","date_gmt":"2023-05-05T21:59:30","guid":{"rendered":"https:\/\/www.amateurphoto.fr\/pvcc\/?p=6303"},"modified":"2023-05-05T23:59:31","modified_gmt":"2023-05-05T21:59:31","slug":"vendredi-5-mai-2023","status":"publish","type":"post","link":"https:\/\/www.amateurphoto.fr\/pvcc\/vendredi-5-mai-2023\/","title":{"rendered":"Vendredi 5 mai 2023"},"content":{"rendered":"<!--themify_builder_content-->\n<div id=\"themify_builder_content-6303\" data-postid=\"6303\" class=\"themify_builder_content themify_builder_content-6303 themify_builder tf_clear\">\n                    <div  data-lazy=\"1\" class=\"module_row themify_builder_row tb_au5t195 tb_first tf_w\">\n                        <div class=\"row_inner col_align_top tb_col_count_1 tf_box tf_rel\">\n                        <div  data-lazy=\"1\" class=\"module_column tb-column col-full tb_vmnw195 first\">\n                    <!-- module text -->\n<div  class=\"module module-text tb_63v5143   \" data-lazy=\"1\">\n        <div  class=\"tb_text_wrap\">\n        <h2>Florent Pervill\u00e9 :<\/h2>\n<p>Ce soir, nous \u00e9tions tous \u00e0 \u00ab\u00a0l&rsquo;aff\u00fbt\u00a0\u00bb des commentaires de Florent. Un grand merci pour cet expos\u00e9 sur la faune de l&rsquo;Oise qui a passionn\u00e9 l&rsquo;auditoire.<\/p>\n<p>Voir sa page&nbsp; <a href=\"http:\/\/www.florent-perville.com\/\" target=\"_blank\" rel=\"noopener\">internet<\/a><\/p>    <\/div>\n<\/div>\n<!-- \/module text -->        <\/div>\n                        <\/div>\n        <\/div>\n        <\/div>\n<!--\/themify_builder_content-->","protected":false},"excerpt":{"rendered":"<p>Florent Pervill\u00e9 : Ce soir, nous \u00e9tions tous \u00e0 \u00ab\u00a0l&rsquo;aff\u00fbt\u00a0\u00bb des commentaires de Florent. Un grand merci pour cet expos\u00e9 sur la faune de l&rsquo;Oise qui a passionn\u00e9 l&rsquo;auditoire. Voir sa page&nbsp; internet<\/p>\n","protected":false},"author":1,"featured_media":6305,"comment_status":"open","ping_status":"open","sticky":true,"template":"","format":"standard","meta":{"ngg_post_thumbnail":0,"_vp_format_video_url":"","_vp_image_focal_point":{"x":0.56,"y":0.54},"footnotes":""},"categories":[11,92,28],"tags":[],"class_list":["post-6303","post","type-post","status-publish","format-standard","has-post-thumbnail","hentry","category-le-vendredi","category-les-vendredis-techniques","category-reunions-du-vendredi"],"aioseo_notices":[],"builder_content":"<h2>Florent Pervill\u00e9 :<\/h2> <p>Ce soir, nous \u00e9tions tous \u00e0 \"l'aff\u00fbt\" des commentaires de Florent. Un grand merci pour cet expos\u00e9 sur la faune de l'Oise qui a passionn\u00e9 l'auditoire.<\/p> <p>Voir sa page&nbsp; <a href=\"http:\/\/www.florent-perville.com\/\" target=\"_blank\" rel=\"noopener\">internet<\/a><\/p>","_links":{"self":[{"href":"https:\/\/www.amateurphoto.fr\/pvcc\/wp-json\/wp\/v2\/posts\/6303","targetHints":{"allow":["GET"]}}],"collection":[{"href":"https:\/\/www.amateurphoto.fr\/pvcc\/wp-json\/wp\/v2\/posts"}],"about":[{"href":"https:\/\/www.amateurphoto.fr\/pvcc\/wp-json\/wp\/v2\/types\/post"}],"author":[{"embeddable":true,"href":"https:\/\/www.amateurphoto.fr\/pvcc\/wp-json\/wp\/v2\/users\/1"}],"replies":[{"embeddable":true,"href":"https:\/\/www.amateurphoto.fr\/pvcc\/wp-json\/wp\/v2\/comments?post=6303"}],"version-history":[{"count":4,"href":"https:\/\/www.amateurphoto.fr\/pvcc\/wp-json\/wp\/v2\/posts\/6303\/revisions"}],"predecessor-version":[{"id":6308,"href":"https:\/\/www.amateurphoto.fr\/pvcc\/wp-json\/wp\/v2\/posts\/6303\/revisions\/6308"}],"wp:featuredmedia":[{"embeddable":true,"href":"https:\/\/www.amateurphoto.fr\/pvcc\/wp-json\/wp\/v2\/media\/6305"}],"wp:attachment":[{"href":"https:\/\/www.amateurphoto.fr\/pvcc\/wp-json\/wp\/v2\/media?parent=6303"}],"wp:term":[{"taxonomy":"category","embeddable":true,"href":"https:\/\/www.amateurphoto.fr\/pvcc\/wp-json\/wp\/v2\/categories?post=6303"},{"taxonomy":"post_tag","embeddable":true,"href":"https:\/\/www.amateurphoto.fr\/pvcc\/wp-json\/wp\/v2\/tags?post=6303"}],"curies":[{"name":"wp","href":"https:\/\/api.w.org\/{rel}","templated":true}]}}