{"id":4261,"date":"2023-03-20T14:53:57","date_gmt":"2023-03-20T13:53:57","guid":{"rendered":"https:\/\/www.amateurphoto.fr\/pvcc\/?p=4261"},"modified":"2023-11-12T23:22:00","modified_gmt":"2023-11-12T22:22:00","slug":"le-club-pvcc-2","status":"publish","type":"post","link":"https:\/\/www.amateurphoto.fr\/pvcc\/le-club-pvcc-2\/","title":{"rendered":"Le club PVCC"},"content":{"rendered":"<!--themify_builder_content-->\n<div id=\"themify_builder_content-4261\" data-postid=\"4261\" class=\"themify_builder_content themify_builder_content-4261 themify_builder tf_clear\">\n                    <div  data-lazy=\"1\" class=\"module_row themify_builder_row tb_gf91560 tb_first tf_w\">\n                        <div class=\"row_inner col_align_top tb_col_count_1 tf_box tf_rel\">\n                        <div  data-lazy=\"1\" class=\"module_column tb-column col-full tb_zn1z560 first\">\n                    <!-- module text -->\n<div  class=\"module module-text tb_xj4t55   \" data-lazy=\"1\">\n        <div  class=\"tb_text_wrap\">\n        <p><strong>Le club fond\u00e9 en 1952 \u00e0 plus de 70 ans d\u2019existence !<\/strong> Il est actuellement compos\u00e9 d\u2019une soixantaine de membres.<\/p>\n<p>Aujourd\u2019hui le club est essentiellement tourn\u00e9 vers la photo num\u00e9rique, mais pour les nostalgiques, il est possible de relancer le d\u00e9veloppement argentique, le labo existe toujours !<br>Le club est membre de la F\u00e9d\u00e9ration Photographique de France.<\/p>    <\/div>\n<\/div>\n<!-- \/module text -->        <\/div>\n                        <\/div>\n        <\/div>\n                        <div  data-lazy=\"1\" class=\"module_row themify_builder_row tb_ti75625 tf_w\">\n                        <div class=\"row_inner col_align_top tb_col_count_1 tf_box tf_rel\">\n                        <div  data-lazy=\"1\" class=\"module_column tb-column col-full tb_5nd9626 first\">\n                    <!-- module text -->\n<div  class=\"module module-text tb_5k0t929   \" data-lazy=\"1\">\n        <div  class=\"tb_text_wrap\">\n        <h2>Notre disposons :<\/h2>\n<ul>\n<li style=\"list-style-type: none;\">\n<ul>\n<li>D&rsquo;une salle de projection et d&rsquo;une salle de r\u00e9union.<\/li>\n<li>D&rsquo;un studio \u00e9quip\u00e9, r\u00e9serv\u00e9 aux adh\u00e9rents.<\/li>\n<li>D&rsquo;une bizauteuse professionnelle pour la r\u00e9alisation de passe-partout.<\/li>\n<li>D&rsquo;outils de d\u00e9veloppement logiciels, Lightroom, Photoshop, DXO.<\/li>\n<li>D&rsquo;un atelier de d\u00e9veloppement num\u00e9rique, PC d\u00e9di\u00e9 et d&rsquo;une imprimante professionnelle Canon PRO-1000<\/li>\n<\/ul>\n<\/li>\n<\/ul>    <\/div>\n<\/div>\n<!-- \/module text -->        <\/div>\n                        <\/div>\n        <\/div>\n                        <div  data-lazy=\"1\" class=\"module_row themify_builder_row tb_0mer725 tf_w\">\n                        <div class=\"row_inner col_align_top tb_col_count_1 tf_box tf_rel\">\n                        <div  data-lazy=\"1\" class=\"module_column tb-column col-full tb_vbbr725 first\">\n                    <!-- module text -->\n<div  class=\"module module-text tb_a8qi923   \" data-lazy=\"1\">\n        <div  class=\"tb_text_wrap\">\n        <p>Tous les deux ans, les membres du PVCC r\u00e9alisent \u00e0 partir de leur photos, une exposition dans les Salles Saint-Nicolas.<\/p>    <\/div>\n<\/div>\n<!-- \/module text -->        <\/div>\n                        <\/div>\n        <\/div>\n                        <div  data-lazy=\"1\" class=\"module_row themify_builder_row tb_1zrq107 tf_w\">\n                        <div class=\"row_inner col_align_top tb_col_count_1 tf_box tf_rel\">\n                        <div  data-lazy=\"1\" class=\"module_column tb-column col-full tb_qnie107 first\">\n                    <!-- module image -->\n<div  class=\"module module-image tb_00i9117 image-top   tf_mw\" data-lazy=\"1\">\n        <div class=\"image-wrap tf_rel tf_mw\">\n            <img loading=\"lazy\" decoding=\"async\" src=\"http:\/\/www.amateurphoto.fr\/pvcc\/wp-content\/uploads\/2021\/10\/cropped-Expo_PVCC_360.jpg\" width=\"1200\" height=\"280\" title=\"Le club PVCC\" alt=\"Le club PVCC\">    \n        <\/div>\n    <!-- \/image-wrap -->\n    \n        <\/div>\n<!-- \/module image -->        <\/div>\n                        <\/div>\n        <\/div>\n                        <div  data-lazy=\"1\" class=\"module_row themify_builder_row tb_6yd3145 tf_w\">\n                        <div class=\"row_inner col_align_top tb_col_count_1 tf_box tf_rel\">\n                        <div  data-lazy=\"1\" class=\"module_column tb-column col-full tb_66mt145 first\">\n                    <!-- module text -->\n<div  class=\"module module-text tb_wx1h104   \" data-lazy=\"1\">\n        <div  class=\"tb_text_wrap\">\n        <p>Un moment privil\u00e9gi\u00e9 de rencontre et d&rsquo;\u00e9change avec les Compi\u00e8gnois, nous accueillons durant cette exposition environ 1500 visiteurs.<\/p>    <\/div>\n<\/div>\n<!-- \/module text -->        <\/div>\n                        <\/div>\n        <\/div>\n                        <div  data-lazy=\"1\" class=\"module_row themify_builder_row tb_yd5x982 tf_w\">\n                        <div class=\"row_inner col_align_top tb_col_count_1 tf_box tf_rel\">\n                        <div  data-lazy=\"1\" class=\"module_column tb-column col-full tb_u9d9982 first\">\n                    <!-- module text -->\n<div  class=\"module module-text tb_apwl805   \" data-lazy=\"1\">\n        <div  class=\"tb_text_wrap\">\n        <h2>Notre activit\u00e9 :<\/h2>\n<h3>R\u00e9unions du vendredi soir :<\/h3>\n<ul>\n<li style=\"list-style-type: none;\">\n<ul>\n<li>Un moment de partage et d&rsquo;\u00e9change, d&rsquo;analyse d&rsquo;image, d&rsquo;informations sur la photographie.&nbsp;<\/li>\n<\/ul>\n<\/li>\n<\/ul>\n<h3>R\u00e9unions techniques du mercredi soir :<\/h3>\n<ul>\n<li style=\"list-style-type: none;\">\n<ul>\n<li>Approfondissement des techniques photographiques :\n<ul style=\"list-style-type: circle;\">\n<li>D\u00e9veloppement num\u00e9rique et impressions.<\/li>\n<li>Formation aux logiciels, DXO, Lightroom, Photoshop<\/li>\n<li>Utilisation du studio<\/li>\n<\/ul>\n<\/li>\n<\/ul>\n<\/li>\n<\/ul>\n<h3>Les concours photo :<\/h3>\n<ul>\n<li style=\"list-style-type: none;\">\n<ul>\n<li>Un concours interne au club : <strong>PHOTOCOMP<\/strong><br>4 sujets r\u00e9partis au fil de l\u2019ann\u00e9e ou les adh\u00e9rents proposent au vote des personnes pr\u00e9sentes, une photo repr\u00e9sentative du th\u00e8me impos\u00e9.<\/li>\n<li>Participation \u00e0 des concours organis\u00e9s par d\u2019autres clubs photo.<\/li>\n<li>Participation au concours r\u00e9gional, jugement des photos qui seront s\u00e9lectionn\u00e9es pour concourir au national 2 de la F\u00e9d\u00e9ration Photographique de France.<\/li>\n<li>Participation aux concours nationaux de la FPF.<\/li>\n<\/ul>\n<\/li>\n<\/ul>\n<h3>Les sorties photo :<\/h3>\n<ul>\n<li style=\"list-style-type: none;\">\n<ul>\n<li>Nous organisons r\u00e9guli\u00e8rement des sorties photo \u00e0 Compi\u00e8gne et en r\u00e9gion. Au fil de nos sorties, nous aiguisons notre regard, nous nous exer\u00e7ons \u00e0 mieux voir ce qui nous entoure.<\/li>\n<\/ul>\n<\/li>\n<\/ul>    <\/div>\n<\/div>\n<!-- \/module text -->        <\/div>\n                        <\/div>\n        <\/div>\n        <\/div>\n<!--\/themify_builder_content-->","protected":false},"excerpt":{"rendered":"<p>Le club fond\u00e9 en 1952 \u00e0 plus de 70 ans d\u2019existence ! Il est actuellement compos\u00e9 d\u2019une cinquantaine de membres. Aujourd\u2019hui le club est essentiellement tourn\u00e9 vers la photo num\u00e9rique, mais pour les nostalgiques, il est possible de relancer le d\u00e9veloppement argentique, le labo existe toujours !Le club est membre de la F\u00e9d\u00e9ration Photographique de &hellip; <a href=\"https:\/\/www.amateurphoto.fr\/pvcc\/le-club-pvcc-2\/\" class=\"more-link\">Continuer la lecture<span class=\"screen-reader-text\"> de &laquo;&nbsp;Le club PVCC&nbsp;&raquo;<\/span><\/a><\/p>\n","protected":false},"author":1,"featured_media":0,"comment_status":"open","ping_status":"open","sticky":true,"template":"","format":"standard","meta":{"ngg_post_thumbnail":0,"_vp_format_video_url":"","_vp_image_focal_point":[],"footnotes":""},"categories":[35],"tags":[],"class_list":["post-4261","post","type-post","status-publish","format-standard","hentry","category-le-club"],"aioseo_notices":[],"builder_content":"<p><strong>Le club fond\u00e9 en 1952 \u00e0 plus de 70 ans d\u2019existence !<\/strong> Il est actuellement compos\u00e9 d\u2019une soixantaine de membres.<\/p> <p>Aujourd\u2019hui le club est essentiellement tourn\u00e9 vers la photo num\u00e9rique, mais pour les nostalgiques, il est possible de relancer le d\u00e9veloppement argentique, le labo existe toujours !<br>Le club est membre de la F\u00e9d\u00e9ration Photographique de France.<\/p>\n<h2>Notre disposons :<\/h2> <ul> <li style=\"list-style-type: none;\"> <ul> <li>D'une salle de projection et d'une salle de r\u00e9union.<\/li> <li>D'un studio \u00e9quip\u00e9, r\u00e9serv\u00e9 aux adh\u00e9rents.<\/li> <li>D'une bizauteuse professionnelle pour la r\u00e9alisation de passe-partout.<\/li> <li>D'outils de d\u00e9veloppement logiciels, Lightroom, Photoshop, DXO.<\/li> <li>D'un atelier de d\u00e9veloppement num\u00e9rique, PC d\u00e9di\u00e9 et d'une imprimante professionnelle Canon PRO-1000<\/li> <\/ul> <\/li> <\/ul>\n<p>Tous les deux ans, les membres du PVCC r\u00e9alisent \u00e0 partir de leur photos, une exposition dans les Salles Saint-Nicolas.<\/p>\n<img src=\"http:\/\/www.amateurphoto.fr\/pvcc\/wp-content\/uploads\/2021\/10\/cropped-Expo_PVCC_360.jpg\" width=\"1200\" height=\"280\" title=\"Le club PVCC\" alt=\"Le club PVCC\">\n<p>Un moment privil\u00e9gi\u00e9 de rencontre et d'\u00e9change avec les Compi\u00e8gnois, nous accueillons durant cette exposition environ 1500 visiteurs.<\/p>\n<h2>Notre activit\u00e9 :<\/h2> <h3>R\u00e9unions du vendredi soir :<\/h3> <ul> <li style=\"list-style-type: none;\"> <ul> <li>Un moment de partage et d'\u00e9change, d'analyse d'image, d'informations sur la photographie.&nbsp;<\/li> <\/ul> <\/li> <\/ul> <h3>R\u00e9unions techniques du mercredi soir :<\/h3> <ul> <li style=\"list-style-type: none;\"> <ul> <li>Approfondissement des techniques photographiques : <ul style=\"list-style-type: circle;\"> <li>D\u00e9veloppement num\u00e9rique et impressions.<\/li> <li>Formation aux logiciels, DXO, Lightroom, Photoshop<\/li> <li>Utilisation du studio<\/li> <\/ul> <\/li> <\/ul> <\/li> <\/ul> <h3>Les concours photo :<\/h3> <ul> <li style=\"list-style-type: none;\"> <ul> <li>Un concours interne au club : <strong>PHOTOCOMP<\/strong><br>4 sujets r\u00e9partis au fil de l\u2019ann\u00e9e ou les adh\u00e9rents proposent au vote des personnes pr\u00e9sentes, une photo repr\u00e9sentative du th\u00e8me impos\u00e9.<\/li> <li>Participation \u00e0 des concours organis\u00e9s par d\u2019autres clubs photo.<\/li> <li>Participation au concours r\u00e9gional, jugement des photos qui seront s\u00e9lectionn\u00e9es pour concourir au national 2 de la F\u00e9d\u00e9ration Photographique de France.<\/li> <li>Participation aux concours nationaux de la FPF.<\/li> <\/ul> <\/li> <\/ul> <h3>Les sorties photo :<\/h3> <ul> <li style=\"list-style-type: none;\"> <ul> <li>Nous organisons r\u00e9guli\u00e8rement des sorties photo \u00e0 Compi\u00e8gne et en r\u00e9gion. Au fil de nos sorties, nous aiguisons notre regard, nous nous exer\u00e7ons \u00e0 mieux voir ce qui nous entoure.<\/li> <\/ul> <\/li> <\/ul>","_links":{"self":[{"href":"https:\/\/www.amateurphoto.fr\/pvcc\/wp-json\/wp\/v2\/posts\/4261","targetHints":{"allow":["GET"]}}],"collection":[{"href":"https:\/\/www.amateurphoto.fr\/pvcc\/wp-json\/wp\/v2\/posts"}],"about":[{"href":"https:\/\/www.amateurphoto.fr\/pvcc\/wp-json\/wp\/v2\/types\/post"}],"author":[{"embeddable":true,"href":"https:\/\/www.amateurphoto.fr\/pvcc\/wp-json\/wp\/v2\/users\/1"}],"replies":[{"embeddable":true,"href":"https:\/\/www.amateurphoto.fr\/pvcc\/wp-json\/wp\/v2\/comments?post=4261"}],"version-history":[{"count":15,"href":"https:\/\/www.amateurphoto.fr\/pvcc\/wp-json\/wp\/v2\/posts\/4261\/revisions"}],"predecessor-version":[{"id":7222,"href":"https:\/\/www.amateurphoto.fr\/pvcc\/wp-json\/wp\/v2\/posts\/4261\/revisions\/7222"}],"wp:attachment":[{"href":"https:\/\/www.amateurphoto.fr\/pvcc\/wp-json\/wp\/v2\/media?parent=4261"}],"wp:term":[{"taxonomy":"category","embeddable":true,"href":"https:\/\/www.amateurphoto.fr\/pvcc\/wp-json\/wp\/v2\/categories?post=4261"},{"taxonomy":"post_tag","embeddable":true,"href":"https:\/\/www.amateurphoto.fr\/pvcc\/wp-json\/wp\/v2\/tags?post=4261"}],"curies":[{"name":"wp","href":"https:\/\/api.w.org\/{rel}","templated":true}]}}