{"id":3447,"date":"2020-04-02T15:55:26","date_gmt":"2020-04-02T13:55:26","guid":{"rendered":"http:\/\/www.amateurphoto.fr\/pvcc\/?p=3447"},"modified":"2020-04-03T00:00:18","modified_gmt":"2020-04-02T22:00:18","slug":"decouverte-de-luminar","status":"publish","type":"post","link":"https:\/\/www.amateurphoto.fr\/pvcc\/decouverte-de-luminar\/","title":{"rendered":"D\u00e9couverte de Luminar"},"content":{"rendered":"<!--themify_builder_content-->\n<div id=\"themify_builder_content-3447\" data-postid=\"3447\" class=\"themify_builder_content themify_builder_content-3447 themify_builder tf_clear\">\n                    <div  data-lazy=\"1\" class=\"module_row themify_builder_row tb_nzic682 tb_first tf_w\">\n                        <div class=\"row_inner col_align_top tb_col_count_1 tf_box tf_rel\">\n                        <div  data-lazy=\"1\" class=\"module_column tb-column col-full tb_6j8e683 first\">\n                    <!-- module text -->\n<div  class=\"module module-text tb_nnwi570   \" data-lazy=\"1\">\n        <div  class=\"tb_text_wrap\">\n        <h2>Luminar 4<\/h2>\n<p>Voir sur le document Calam\u00e9o des fonctionnalit\u00e9s int\u00e9ressantes<\/p>    <\/div>\n<\/div>\n<!-- \/module text -->        <\/div>\n                        <\/div>\n        <\/div>\n                        <div  data-lazy=\"1\" class=\"module_row themify_builder_row tb_84tt304 tf_w\">\n                        <div class=\"row_inner col_align_top tb_col_count_2 tf_box tf_rel\">\n                        <div  data-lazy=\"1\" class=\"module_column tb-column col2-1 tb_hi44304 first\">\n                    <!-- module text -->\n<div  class=\"module module-text tb_erg7102   \" data-lazy=\"1\">\n        <div  class=\"tb_text_wrap\">\n        <p>[calameo code=0062102405deaa31a757b mode=mini view=book clickto=view clicktarget=_blank width=480 height=300]<\/p>    <\/div>\n<\/div>\n<!-- \/module text -->        <\/div>\n                    <div  data-lazy=\"1\" class=\"module_column tb-column col2-1 tb_1knw304 last\">\n                            <\/div>\n                        <\/div>\n        <\/div>\n        <\/div>\n<!--\/themify_builder_content-->","protected":false},"excerpt":{"rendered":"<p>Luminar 4 Voir sur le document Calam\u00e9o des fonctionnalit\u00e9s int\u00e9ressantes [calameo code=0062102405deaa31a757b mode=mini view=book clickto=view clicktarget=_blank width=480 height=300]<\/p>\n","protected":false},"author":1,"featured_media":0,"comment_status":"open","ping_status":"open","sticky":false,"template":"","format":"standard","meta":{"ngg_post_thumbnail":0,"_vp_format_video_url":"","_vp_image_focal_point":[],"footnotes":""},"categories":[100,12],"tags":[],"class_list":["post-3447","post","type-post","status-publish","format-standard","hentry","category-logiciels","category-technique"],"aioseo_notices":[],"builder_content":"<h2>Luminar 4<\/h2> <p>Voir sur le document Calam\u00e9o des fonctionnalit\u00e9s int\u00e9ressantes<\/p>\n<p>[calameo code=0062102405deaa31a757b mode=mini view=book clickto=view clicktarget=_blank width=480 height=300]<\/p>","_links":{"self":[{"href":"https:\/\/www.amateurphoto.fr\/pvcc\/wp-json\/wp\/v2\/posts\/3447","targetHints":{"allow":["GET"]}}],"collection":[{"href":"https:\/\/www.amateurphoto.fr\/pvcc\/wp-json\/wp\/v2\/posts"}],"about":[{"href":"https:\/\/www.amateurphoto.fr\/pvcc\/wp-json\/wp\/v2\/types\/post"}],"author":[{"embeddable":true,"href":"https:\/\/www.amateurphoto.fr\/pvcc\/wp-json\/wp\/v2\/users\/1"}],"replies":[{"embeddable":true,"href":"https:\/\/www.amateurphoto.fr\/pvcc\/wp-json\/wp\/v2\/comments?post=3447"}],"version-history":[{"count":17,"href":"https:\/\/www.amateurphoto.fr\/pvcc\/wp-json\/wp\/v2\/posts\/3447\/revisions"}],"predecessor-version":[{"id":3468,"href":"https:\/\/www.amateurphoto.fr\/pvcc\/wp-json\/wp\/v2\/posts\/3447\/revisions\/3468"}],"wp:attachment":[{"href":"https:\/\/www.amateurphoto.fr\/pvcc\/wp-json\/wp\/v2\/media?parent=3447"}],"wp:term":[{"taxonomy":"category","embeddable":true,"href":"https:\/\/www.amateurphoto.fr\/pvcc\/wp-json\/wp\/v2\/categories?post=3447"},{"taxonomy":"post_tag","embeddable":true,"href":"https:\/\/www.amateurphoto.fr\/pvcc\/wp-json\/wp\/v2\/tags?post=3447"}],"curies":[{"name":"wp","href":"https:\/\/api.w.org\/{rel}","templated":true}]}}