{"id":323,"date":"2016-10-14T21:44:47","date_gmt":"2016-10-14T19:44:47","guid":{"rendered":"http:\/\/www.amateurphoto.fr\/pvcc\/?p=323"},"modified":"2016-10-28T00:25:59","modified_gmt":"2016-10-27T22:25:59","slug":"323","status":"publish","type":"post","link":"https:\/\/www.amateurphoto.fr\/pvcc\/323\/","title":{"rendered":"Les manifestations \u00e0 venir"},"content":{"rendered":"<h2>Concours r\u00e9gional 2017<\/h2>\n<h5>les 11 et 12 f\u00e9vrier 2017<\/h5>\n<p>Organisation \/ Lieu : Grand Angle \u00e0 Villers Cotter\u00eats<\/p>\n<h3>Comp\u00e9tition photo National1 &#8211; Club de Venette<\/h3>\n<p>Les 18 et 19 f\u00e9vrier 2017<\/p>\n<p>Organisation \/ lieu : Club photo de Venette, 100 rue Melenne \u00e0 Venette<\/p>\n","protected":false},"excerpt":{"rendered":"<p>Concours r\u00e9gional 2017 les 11 et 12 f\u00e9vrier 2017 Organisation \/ Lieu : Grand Angle \u00e0 Villers Cotter\u00eats Comp\u00e9tition photo National1 &#8211; Club de Venette Les 18 et 19 f\u00e9vrier 2017 Organisation \/ lieu : Club photo de Venette, 100 rue Melenne \u00e0 Venette<\/p>\n","protected":false},"author":1,"featured_media":0,"comment_status":"open","ping_status":"open","sticky":false,"template":"","format":"aside","meta":{"ngg_post_thumbnail":0,"_vp_format_video_url":"","_vp_image_focal_point":[],"footnotes":""},"categories":[26,8],"tags":[],"class_list":["post-323","post","type-post","status-publish","format-aside","hentry","category-agenda","category-regional-fpf","post_format-post-format-aside"],"aioseo_notices":[],"builder_content":"","_links":{"self":[{"href":"https:\/\/www.amateurphoto.fr\/pvcc\/wp-json\/wp\/v2\/posts\/323","targetHints":{"allow":["GET"]}}],"collection":[{"href":"https:\/\/www.amateurphoto.fr\/pvcc\/wp-json\/wp\/v2\/posts"}],"about":[{"href":"https:\/\/www.amateurphoto.fr\/pvcc\/wp-json\/wp\/v2\/types\/post"}],"author":[{"embeddable":true,"href":"https:\/\/www.amateurphoto.fr\/pvcc\/wp-json\/wp\/v2\/users\/1"}],"replies":[{"embeddable":true,"href":"https:\/\/www.amateurphoto.fr\/pvcc\/wp-json\/wp\/v2\/comments?post=323"}],"version-history":[{"count":7,"href":"https:\/\/www.amateurphoto.fr\/pvcc\/wp-json\/wp\/v2\/posts\/323\/revisions"}],"predecessor-version":[{"id":527,"href":"https:\/\/www.amateurphoto.fr\/pvcc\/wp-json\/wp\/v2\/posts\/323\/revisions\/527"}],"wp:attachment":[{"href":"https:\/\/www.amateurphoto.fr\/pvcc\/wp-json\/wp\/v2\/media?parent=323"}],"wp:term":[{"taxonomy":"category","embeddable":true,"href":"https:\/\/www.amateurphoto.fr\/pvcc\/wp-json\/wp\/v2\/categories?post=323"},{"taxonomy":"post_tag","embeddable":true,"href":"https:\/\/www.amateurphoto.fr\/pvcc\/wp-json\/wp\/v2\/tags?post=323"}],"curies":[{"name":"wp","href":"https:\/\/api.w.org\/{rel}","templated":true}]}}