{"id":3163,"date":"2019-12-15T11:24:04","date_gmt":"2019-12-15T10:24:04","guid":{"rendered":"http:\/\/www.amateurphoto.fr\/pvcc\/?p=3163"},"modified":"2021-09-15T23:52:18","modified_gmt":"2021-09-15T21:52:18","slug":"la-colorimetrie-en-photographie","status":"publish","type":"post","link":"https:\/\/www.amateurphoto.fr\/pvcc\/la-colorimetrie-en-photographie\/","title":{"rendered":"La colorim\u00e9trie en photographie"},"content":{"rendered":"<!--themify_builder_content-->\n<div id=\"themify_builder_content-3163\" data-postid=\"3163\" class=\"themify_builder_content themify_builder_content-3163 themify_builder tf_clear\">\n                    <div  data-lazy=\"1\" class=\"module_row themify_builder_row tb_t8fs520 tb_first tf_w\">\n                        <div class=\"row_inner col_align_top tb_col_count_1 tf_box tf_rel\">\n                        <div  data-lazy=\"1\" class=\"module_column tb-column col-full tb_tjc4521 first\">\n                    <!-- module text -->\n<div  class=\"module module-text tb_w2w8945   \" data-lazy=\"1\">\n        <div  class=\"tb_text_wrap\">\n        <h2>Programme, samedi 30 octobre 2021<\/h2>    <\/div>\n<\/div>\n<!-- \/module text -->        <\/div>\n                        <\/div>\n        <\/div>\n                        <div  data-lazy=\"1\" class=\"module_row themify_builder_row tb_gvp9328 tf_w\">\n                        <div class=\"row_inner col_align_top tb_col_count_1 tf_box tf_rel\">\n                        <div  data-lazy=\"1\" class=\"module_column tb-column col-full tb_yk9w330 first\">\n                    <!-- module text -->\n<div  class=\"module module-text tb_7j72446   \" data-lazy=\"1\">\n        <div  class=\"tb_text_wrap\">\n        <ul><li>Notre perception de la couleur.<\/li><li>La gestion des couleurs.<\/li><li>Temp\u00e9rature couleur et indice de rendu des couleurs.<\/li><li>Les espaces colorim\u00e9triques.<\/li><li>Les espaces de travail, RVB, sRVB, Profoto<\/li><li>Les profils colorim\u00e9triques.<\/li><li>Calibrage d\u2019un \u00e9cran, d&rsquo;un vid\u00e9oprojecteur.<\/li><li>Caract\u00e9risation d\u2019une imprimante en fonction du papier.<\/li><li>Installation d\u2019un profil papier du fabricant.<\/li><li>Tests d\u2019impression avec les photos des stagiaires.<\/li><li>Questions\/R\u00e9ponses<\/li><\/ul>    <\/div>\n<\/div>\n<!-- \/module text -->        <\/div>\n                        <\/div>\n        <\/div>\n                        <div  data-lazy=\"1\" class=\"module_row themify_builder_row tb_wvxa121 tf_w\">\n                        <div class=\"row_inner col_align_top tb_col_count_1 tf_box tf_rel\">\n                        <div  data-lazy=\"1\" class=\"module_column tb-column col-full tb_zxv1122 first\">\n                    <!-- module text -->\n<div  class=\"module module-text tb_qy9d564   \" data-lazy=\"1\">\n    <h3 class=\"module-title\">Organisation :<\/h3>    <div  class=\"tb_text_wrap\">\n        <p>Date : samedi 30 octobre 2021 de 9 h 30 \u00e0 17 h<br>Lieu&nbsp;: PVCC 2 rue du Grand Ferr\u00e9 Compi\u00e8gne<br>Repas sur place, compter 20 \u20ac par personne.<br>Participation&nbsp;: 10 \u20ac\/ personne pour tenir compte d\u2019impressions num\u00e9riques.<\/p>\n<p>Maximum de stagiaires : 20\/25<\/p>    <\/div>\n<\/div>\n<!-- \/module text -->        <\/div>\n                        <\/div>\n        <\/div>\n                        <div  data-lazy=\"1\" class=\"module_row themify_builder_row tb_8re663 tf_w\">\n                        <div class=\"row_inner col_align_top tb_col_count_1 tf_box tf_rel\">\n                        <div  data-lazy=\"1\" class=\"module_column tb-column col-full tb_0mur64 first\">\n                    <!-- module text -->\n<div  class=\"module module-text tb_ttf0820   \" data-lazy=\"1\">\n    <h3 class=\"module-title\">Inscriptions<\/h3>    <div  class=\"tb_text_wrap\">\n        <p>Retrouvez le programme et les modalit\u00e9s d&rsquo;inscription \u00e0 la formation : <a href=\"https:\/\/amateurphoto.fr\/pvcc\/Fichiers_pdf\/Formation\/formation-colorim\u00e9trie_30-10-2021.pdf\" target=\"_blank\" rel=\"noopener\">T\u00e9l\u00e9chargez le fichier pdf<\/a><\/p>    <\/div>\n<\/div>\n<!-- \/module text -->        <\/div>\n                        <\/div>\n        <\/div>\n                        <div  data-lazy=\"1\" class=\"module_row themify_builder_row tb_h9xw540 tf_w\">\n                        <div class=\"row_inner col_align_top tb_col_count_2 tf_box tf_rel\">\n                        <div  data-lazy=\"1\" class=\"module_column tb-column col4-2 tb_s8sg540 first\">\n                    <!-- module text -->\n<div  class=\"module module-text tb_daap314   \" data-lazy=\"1\">\n        <div  class=\"tb_text_wrap\">\n        <p>L&rsquo;atelier num\u00e9rique<\/p>    <\/div>\n<\/div>\n<!-- \/module text -->        <\/div>\n                    <div  data-lazy=\"1\" class=\"module_column tb-column col4-2 tb_vwpf824 last\">\n                    <!-- module image -->\n<div  class=\"module module-image tb_dji9329 image-top   tf_mw\" data-lazy=\"1\">\n        <div class=\"image-wrap tf_rel tf_mw\">\n            <img loading=\"lazy\" decoding=\"async\" src=\"http:\/\/www.amateurphoto.fr\/pvcc\/wp-content\/uploads\/2018\/01\/Vue-densemble-1.jpg\" width=\"1164\" height=\"867\" title=\"La colorim\u00e9trie en photographie\" alt=\"La colorim\u00e9trie en photographie\">    \n        <\/div>\n    <!-- \/image-wrap -->\n    \n        <\/div>\n<!-- \/module image -->        <\/div>\n                        <\/div>\n        <\/div>\n        <\/div>\n<!--\/themify_builder_content-->","protected":false},"excerpt":{"rendered":"<p>Programme, samedi 30 octobre 2021<\/p>\n","protected":false},"author":1,"featured_media":3164,"comment_status":"open","ping_status":"open","sticky":true,"template":"","format":"quote","meta":{"ngg_post_thumbnail":0,"_vp_format_video_url":"","_vp_image_focal_point":[],"footnotes":""},"categories":[4,6],"tags":[],"class_list":["post-3163","post","type-post","status-publish","format-quote","has-post-thumbnail","hentry","category-formation","category-formation-ur-19","post_format-post-format-quote"],"aioseo_notices":[],"builder_content":"<h2>Programme, samedi 30 octobre 2021<\/h2>\n<ul><li>Notre perception de la couleur.<\/li><li>La gestion des couleurs.<\/li><li>Temp\u00e9rature couleur et indice de rendu des couleurs.<\/li><li>Les espaces colorim\u00e9triques.<\/li><li>Les espaces de travail, RVB, sRVB, Profoto<\/li><li>Les profils colorim\u00e9triques.<\/li><li>Calibrage d\u2019un \u00e9cran, d'un vid\u00e9oprojecteur.<\/li><li>Caract\u00e9risation d\u2019une imprimante en fonction du papier.<\/li><li>Installation d\u2019un profil papier du fabricant.<\/li><li>Tests d\u2019impression avec les photos des stagiaires.<\/li><li>Questions\/R\u00e9ponses<\/li><\/ul>\n<h3>Organisation :<\/h3> <p>Date : samedi 30 octobre 2021 de 9 h 30 \u00e0 17 h<br>Lieu&nbsp;: PVCC 2 rue du Grand Ferr\u00e9 Compi\u00e8gne<br>Repas sur place, compter 20 \u20ac par personne.<br>Participation&nbsp;: 10 \u20ac\/ personne pour tenir compte d\u2019impressions num\u00e9riques.<\/p> <p>Maximum de stagiaires : 20\/25<\/p>\n<h3>Inscriptions<\/h3> <p>Retrouvez le programme et les modalit\u00e9s d'inscription \u00e0 la formation : <a href=\"https:\/\/amateurphoto.fr\/pvcc\/Fichiers_pdf\/Formation\/formation-colorim\u00e9trie_30-10-2021.pdf\" target=\"_blank\" rel=\"noopener\">T\u00e9l\u00e9chargez le fichier pdf<\/a><\/p>\n<p>L'atelier num\u00e9rique<\/p>\n<img src=\"http:\/\/www.amateurphoto.fr\/pvcc\/wp-content\/uploads\/2018\/01\/Vue-densemble-1.jpg\" width=\"1164\" height=\"867\" title=\"La colorim\u00e9trie en photographie\" alt=\"La colorim\u00e9trie en photographie\">","_links":{"self":[{"href":"https:\/\/www.amateurphoto.fr\/pvcc\/wp-json\/wp\/v2\/posts\/3163","targetHints":{"allow":["GET"]}}],"collection":[{"href":"https:\/\/www.amateurphoto.fr\/pvcc\/wp-json\/wp\/v2\/posts"}],"about":[{"href":"https:\/\/www.amateurphoto.fr\/pvcc\/wp-json\/wp\/v2\/types\/post"}],"author":[{"embeddable":true,"href":"https:\/\/www.amateurphoto.fr\/pvcc\/wp-json\/wp\/v2\/users\/1"}],"replies":[{"embeddable":true,"href":"https:\/\/www.amateurphoto.fr\/pvcc\/wp-json\/wp\/v2\/comments?post=3163"}],"version-history":[{"count":19,"href":"https:\/\/www.amateurphoto.fr\/pvcc\/wp-json\/wp\/v2\/posts\/3163\/revisions"}],"predecessor-version":[{"id":3863,"href":"https:\/\/www.amateurphoto.fr\/pvcc\/wp-json\/wp\/v2\/posts\/3163\/revisions\/3863"}],"wp:featuredmedia":[{"embeddable":true,"href":"https:\/\/www.amateurphoto.fr\/pvcc\/wp-json\/wp\/v2\/media\/3164"}],"wp:attachment":[{"href":"https:\/\/www.amateurphoto.fr\/pvcc\/wp-json\/wp\/v2\/media?parent=3163"}],"wp:term":[{"taxonomy":"category","embeddable":true,"href":"https:\/\/www.amateurphoto.fr\/pvcc\/wp-json\/wp\/v2\/categories?post=3163"},{"taxonomy":"post_tag","embeddable":true,"href":"https:\/\/www.amateurphoto.fr\/pvcc\/wp-json\/wp\/v2\/tags?post=3163"}],"curies":[{"name":"wp","href":"https:\/\/api.w.org\/{rel}","templated":true}]}}