{"id":2586,"date":"2019-09-30T21:52:21","date_gmt":"2019-09-30T19:52:21","guid":{"rendered":"http:\/\/www.amateurphoto.fr\/pvcc\/?p=2586"},"modified":"2019-09-30T21:57:07","modified_gmt":"2019-09-30T19:57:07","slug":"les-marais-de-sacy","status":"publish","type":"post","link":"https:\/\/www.amateurphoto.fr\/pvcc\/les-marais-de-sacy\/","title":{"rendered":"LES MARAIS DE SACY"},"content":{"rendered":"\n<p><a title=\"Les Marais de Sacy\" href=\"https:\/\/www.oisetourisme.com\/pnapic060fs00056\/les-marais-de-sacy\/saint-martin-longueau\" target=\"_blank\" rel=\"noopener noreferrer\">Partir \u00e0 la d\u00e9couverte des Marais de Sacy<\/a> : une aventure au c\u0153ur d&rsquo;un des plus beaux sites naturels de l&rsquo;Oise. Il s&rsquo;agit d&rsquo;une vaste zone humide et tourbeuse (1000 ha) qui comprend une zone Natura 2000 et RAMSAR de 245 ha, propri\u00e9t\u00e9 du D\u00e9partement.<\/p>\n<p>R\u00e9servation obligatoire pour les groupes<\/p>\n","protected":false},"excerpt":{"rendered":"<p>Partir \u00e0 la d\u00e9couverte des Marais de Sacy : une aventure au c\u0153ur d&rsquo;un des plus beaux sites naturels de l&rsquo;Oise. Il s&rsquo;agit d&rsquo;une vaste zone humide et tourbeuse (1000 ha) qui comprend une zone Natura 2000 et RAMSAR de 245 ha, propri\u00e9t\u00e9 du D\u00e9partement. R\u00e9servation obligatoire pour les groupes<\/p>\n","protected":false},"author":1,"featured_media":0,"comment_status":"open","ping_status":"open","sticky":false,"template":"","format":"standard","meta":{"ngg_post_thumbnail":0,"_vp_format_video_url":"","_vp_image_focal_point":[],"footnotes":""},"categories":[60],"tags":[],"class_list":["post-2586","post","type-post","status-publish","format-standard","hentry","category-sorties-en-projet"],"aioseo_notices":[],"builder_content":"","_links":{"self":[{"href":"https:\/\/www.amateurphoto.fr\/pvcc\/wp-json\/wp\/v2\/posts\/2586","targetHints":{"allow":["GET"]}}],"collection":[{"href":"https:\/\/www.amateurphoto.fr\/pvcc\/wp-json\/wp\/v2\/posts"}],"about":[{"href":"https:\/\/www.amateurphoto.fr\/pvcc\/wp-json\/wp\/v2\/types\/post"}],"author":[{"embeddable":true,"href":"https:\/\/www.amateurphoto.fr\/pvcc\/wp-json\/wp\/v2\/users\/1"}],"replies":[{"embeddable":true,"href":"https:\/\/www.amateurphoto.fr\/pvcc\/wp-json\/wp\/v2\/comments?post=2586"}],"version-history":[{"count":2,"href":"https:\/\/www.amateurphoto.fr\/pvcc\/wp-json\/wp\/v2\/posts\/2586\/revisions"}],"predecessor-version":[{"id":2588,"href":"https:\/\/www.amateurphoto.fr\/pvcc\/wp-json\/wp\/v2\/posts\/2586\/revisions\/2588"}],"wp:attachment":[{"href":"https:\/\/www.amateurphoto.fr\/pvcc\/wp-json\/wp\/v2\/media?parent=2586"}],"wp:term":[{"taxonomy":"category","embeddable":true,"href":"https:\/\/www.amateurphoto.fr\/pvcc\/wp-json\/wp\/v2\/categories?post=2586"},{"taxonomy":"post_tag","embeddable":true,"href":"https:\/\/www.amateurphoto.fr\/pvcc\/wp-json\/wp\/v2\/tags?post=2586"}],"curies":[{"name":"wp","href":"https:\/\/api.w.org\/{rel}","templated":true}]}}