{"id":1601,"date":"2018-01-30T22:38:43","date_gmt":"2018-01-30T21:38:43","guid":{"rendered":"http:\/\/www.amateurphoto.fr\/pvcc\/?p=1601"},"modified":"2018-09-09T12:26:06","modified_gmt":"2018-09-09T10:26:06","slug":"photo-affiche-de-lexposition-pvcc","status":"publish","type":"post","link":"https:\/\/www.amateurphoto.fr\/pvcc\/photo-affiche-de-lexposition-pvcc\/","title":{"rendered":"Plessis Brion"},"content":{"rendered":"<h4>Observatoire de l&rsquo;etang au plessis brion<\/h4>\n<p>Vous voulez participer ? Faites vous connaitre. Il reste \u00e0 trouver une date de pr\u00e9f\u00e9rable le matin<\/p>\n","protected":false},"excerpt":{"rendered":"<p>Observatoire de l&rsquo;etang au plessis brion Vous voulez participer ? Faites vous connaitre. Il reste \u00e0 trouver une date de pr\u00e9f\u00e9rable le matin<\/p>\n","protected":false},"author":1,"featured_media":0,"comment_status":"open","ping_status":"open","sticky":false,"template":"","format":"standard","meta":{"ngg_post_thumbnail":0,"_vp_format_video_url":"","_vp_image_focal_point":[],"footnotes":""},"categories":[23,60],"tags":[],"class_list":["post-1601","post","type-post","status-publish","format-standard","hentry","category-sorties","category-sorties-en-projet"],"aioseo_notices":[],"builder_content":"","_links":{"self":[{"href":"https:\/\/www.amateurphoto.fr\/pvcc\/wp-json\/wp\/v2\/posts\/1601","targetHints":{"allow":["GET"]}}],"collection":[{"href":"https:\/\/www.amateurphoto.fr\/pvcc\/wp-json\/wp\/v2\/posts"}],"about":[{"href":"https:\/\/www.amateurphoto.fr\/pvcc\/wp-json\/wp\/v2\/types\/post"}],"author":[{"embeddable":true,"href":"https:\/\/www.amateurphoto.fr\/pvcc\/wp-json\/wp\/v2\/users\/1"}],"replies":[{"embeddable":true,"href":"https:\/\/www.amateurphoto.fr\/pvcc\/wp-json\/wp\/v2\/comments?post=1601"}],"version-history":[{"count":6,"href":"https:\/\/www.amateurphoto.fr\/pvcc\/wp-json\/wp\/v2\/posts\/1601\/revisions"}],"predecessor-version":[{"id":2259,"href":"https:\/\/www.amateurphoto.fr\/pvcc\/wp-json\/wp\/v2\/posts\/1601\/revisions\/2259"}],"wp:attachment":[{"href":"https:\/\/www.amateurphoto.fr\/pvcc\/wp-json\/wp\/v2\/media?parent=1601"}],"wp:term":[{"taxonomy":"category","embeddable":true,"href":"https:\/\/www.amateurphoto.fr\/pvcc\/wp-json\/wp\/v2\/categories?post=1601"},{"taxonomy":"post_tag","embeddable":true,"href":"https:\/\/www.amateurphoto.fr\/pvcc\/wp-json\/wp\/v2\/tags?post=1601"}],"curies":[{"name":"wp","href":"https:\/\/api.w.org\/{rel}","templated":true}]}}