{"id":1557,"date":"2020-01-22T12:00:08","date_gmt":"2020-01-22T11:00:08","guid":{"rendered":"http:\/\/www.amateurphoto.fr\/pvcc\/?p=1557"},"modified":"2020-01-23T22:42:00","modified_gmt":"2020-01-23T21:42:00","slug":"vendredi-21-fevrier-2020-nettoyage","status":"publish","type":"post","link":"https:\/\/www.amateurphoto.fr\/pvcc\/vendredi-21-fevrier-2020-nettoyage\/","title":{"rendered":"Vendredi 31 janvier 2020 &#8211; Nettoyage"},"content":{"rendered":"<h3 class=\"wp-block-heading\">Entretenir son mat\u00e9riel :<\/h3>\n\n\n\n<div class=\"wp-block-image\"><figure class=\"alignleft\"><a href=\"https:\/\/www.amateurphoto.fr\/pvcc\/wp-content\/uploads\/2018\/01\/Green-Clean.jpg\"><img loading=\"lazy\" decoding=\"async\" width=\"212\" height=\"169\" src=\"https:\/\/www.amateurphoto.fr\/pvcc\/wp-content\/uploads\/2018\/01\/Green-Clean.jpg\" alt=\"\" class=\"wp-image-1558\"\/><\/a><\/figure><\/div>\n\n\n\n<p>Nettoyage du capteur, du miroir.<\/p>\n\n\n\n<ul class=\"wp-block-list\"><li>Contr\u00f4le si n\u00e9cessaire.<\/li><li style=\"list-style-type: none;\">&nbsp;<\/li><li>Aspiration des poussi\u00e8res<\/li><li>Nettoyage des objectifs.<\/li><li>V\u00e9rification.<\/li><\/ul>\n\n\n\n<p>Inscription souhaitable<\/p>\n\n<!--themify_builder_content-->\n<div id=\"themify_builder_content-1557\" data-postid=\"1557\" class=\"themify_builder_content themify_builder_content-1557 themify_builder tf_clear\">\n    <\/div>\n<!--\/themify_builder_content-->","protected":false},"excerpt":{"rendered":"<p>Entretenir son mat\u00e9riel : Nettoyage du capteur, du miroir. Contr\u00f4le si n\u00e9cessaire. &nbsp; Aspiration des poussi\u00e8res Nettoyage des objectifs. V\u00e9rification. Inscription souhaitable<\/p>\n","protected":false},"author":1,"featured_media":0,"comment_status":"open","ping_status":"open","sticky":false,"template":"","format":"standard","meta":{"ngg_post_thumbnail":0,"_vp_format_video_url":"","_vp_image_focal_point":[],"footnotes":""},"categories":[11,92],"tags":[],"class_list":["post-1557","post","type-post","status-publish","format-standard","hentry","category-le-vendredi","category-les-vendredis-techniques"],"aioseo_notices":[],"builder_content":"","_links":{"self":[{"href":"https:\/\/www.amateurphoto.fr\/pvcc\/wp-json\/wp\/v2\/posts\/1557","targetHints":{"allow":["GET"]}}],"collection":[{"href":"https:\/\/www.amateurphoto.fr\/pvcc\/wp-json\/wp\/v2\/posts"}],"about":[{"href":"https:\/\/www.amateurphoto.fr\/pvcc\/wp-json\/wp\/v2\/types\/post"}],"author":[{"embeddable":true,"href":"https:\/\/www.amateurphoto.fr\/pvcc\/wp-json\/wp\/v2\/users\/1"}],"replies":[{"embeddable":true,"href":"https:\/\/www.amateurphoto.fr\/pvcc\/wp-json\/wp\/v2\/comments?post=1557"}],"version-history":[{"count":15,"href":"https:\/\/www.amateurphoto.fr\/pvcc\/wp-json\/wp\/v2\/posts\/1557\/revisions"}],"predecessor-version":[{"id":3240,"href":"https:\/\/www.amateurphoto.fr\/pvcc\/wp-json\/wp\/v2\/posts\/1557\/revisions\/3240"}],"wp:attachment":[{"href":"https:\/\/www.amateurphoto.fr\/pvcc\/wp-json\/wp\/v2\/media?parent=1557"}],"wp:term":[{"taxonomy":"category","embeddable":true,"href":"https:\/\/www.amateurphoto.fr\/pvcc\/wp-json\/wp\/v2\/categories?post=1557"},{"taxonomy":"post_tag","embeddable":true,"href":"https:\/\/www.amateurphoto.fr\/pvcc\/wp-json\/wp\/v2\/tags?post=1557"}],"curies":[{"name":"wp","href":"https:\/\/api.w.org\/{rel}","templated":true}]}}