{"id":1538,"date":"2017-12-21T23:07:33","date_gmt":"2017-12-21T22:07:33","guid":{"rendered":"http:\/\/www.amateurphoto.fr\/pvcc\/?p=1538"},"modified":"2017-12-21T23:07:33","modified_gmt":"2017-12-21T22:07:33","slug":"reprise-vendredi-5-janvier-2018","status":"publish","type":"post","link":"https:\/\/www.amateurphoto.fr\/pvcc\/reprise-vendredi-5-janvier-2018\/","title":{"rendered":"Reprise vendredi 5 janvier 2018"},"content":{"rendered":"<h3>C&rsquo;est la rentr\u00e9e, au programme :<\/h3>\n<ul>\n<li>Information sur l&rsquo;atelier num\u00e9rique.<\/li>\n<li>Bilan des participants \u00e0 l&rsquo;exposition de juin.<\/li>\n<li>Point sur&nbsp;le concours r\u00e9gional,\n<ul style=\"list-style-type: circle;\">\n<li>images projet\u00e9es dernier d\u00e9lai 15 janvier<\/li>\n<li>Photo papier : but\u00e9e, 28 janvier<\/li>\n<\/ul>\n<\/li>\n<\/ul>\n","protected":false},"excerpt":{"rendered":"<p>C&rsquo;est la rentr\u00e9e, au programme : Information sur l&rsquo;atelier num\u00e9rique. Bilan des participants \u00e0 l&rsquo;exposition de juin. Point sur&nbsp;le concours r\u00e9gional, images projet\u00e9es dernier d\u00e9lai 15 janvier Photo papier : but\u00e9e, 28 janvier<\/p>\n","protected":false},"author":1,"featured_media":0,"comment_status":"open","ping_status":"open","sticky":false,"template":"","format":"standard","meta":{"ngg_post_thumbnail":0,"_vp_format_video_url":"","_vp_image_focal_point":[],"footnotes":""},"categories":[11,28],"tags":[],"class_list":["post-1538","post","type-post","status-publish","format-standard","hentry","category-le-vendredi","category-reunions-du-vendredi"],"aioseo_notices":[],"builder_content":"","_links":{"self":[{"href":"https:\/\/www.amateurphoto.fr\/pvcc\/wp-json\/wp\/v2\/posts\/1538","targetHints":{"allow":["GET"]}}],"collection":[{"href":"https:\/\/www.amateurphoto.fr\/pvcc\/wp-json\/wp\/v2\/posts"}],"about":[{"href":"https:\/\/www.amateurphoto.fr\/pvcc\/wp-json\/wp\/v2\/types\/post"}],"author":[{"embeddable":true,"href":"https:\/\/www.amateurphoto.fr\/pvcc\/wp-json\/wp\/v2\/users\/1"}],"replies":[{"embeddable":true,"href":"https:\/\/www.amateurphoto.fr\/pvcc\/wp-json\/wp\/v2\/comments?post=1538"}],"version-history":[{"count":1,"href":"https:\/\/www.amateurphoto.fr\/pvcc\/wp-json\/wp\/v2\/posts\/1538\/revisions"}],"predecessor-version":[{"id":1539,"href":"https:\/\/www.amateurphoto.fr\/pvcc\/wp-json\/wp\/v2\/posts\/1538\/revisions\/1539"}],"wp:attachment":[{"href":"https:\/\/www.amateurphoto.fr\/pvcc\/wp-json\/wp\/v2\/media?parent=1538"}],"wp:term":[{"taxonomy":"category","embeddable":true,"href":"https:\/\/www.amateurphoto.fr\/pvcc\/wp-json\/wp\/v2\/categories?post=1538"},{"taxonomy":"post_tag","embeddable":true,"href":"https:\/\/www.amateurphoto.fr\/pvcc\/wp-json\/wp\/v2\/tags?post=1538"}],"curies":[{"name":"wp","href":"https:\/\/api.w.org\/{rel}","templated":true}]}}