{"id":1438,"date":"2017-09-09T14:55:10","date_gmt":"2017-09-09T12:55:10","guid":{"rendered":"http:\/\/www.amateurphoto.fr\/pvcc\/?p=1438"},"modified":"2018-04-10T22:59:57","modified_gmt":"2018-04-10T20:59:57","slug":"concours-national-auteur","status":"publish","type":"post","link":"https:\/\/www.amateurphoto.fr\/pvcc\/concours-national-auteur\/","title":{"rendered":"Concours National AUTEUR"},"content":{"rendered":"<h5>Le <span style=\"font-size: 20px;\"><strong>P<\/strong><\/span>hoto <strong><span style=\"font-size: 20px;\">V<\/span><\/strong>id\u00e9o <strong><span style=\"font-size: 20px;\">C<\/span><\/strong>lub de <strong><span style=\"font-size: 20px;\">C<\/span><\/strong>ompi\u00e8gne est heureux d&rsquo;accueillir le jugement du concours national Auteur et&nbsp;&nbsp;la 1<sup>er<\/sup> coupe de France Auteur :<\/h5>\n<p>Cet \u00e9v\u00e9nement se d\u00e9roulera sur trois jours les 20-21-22 avril 2018 dans les salles Saint-Nicolas, 3 rue Jeanne d&rsquo;Arc \u00e0 Compi\u00e8gne.&nbsp;<strong>Entr\u00e9e LIBRE&nbsp;<\/strong><\/p>\n<p><strong>Programme :&nbsp;&nbsp;<\/strong><br \/>\n<span style=\"font-size: 20px;\"><strong>Vendredi 20 :<\/strong><\/span> pr\u00e9s\u00e9lection des s\u00e9ries au club du PVCC de 20 h \u00e0 22 h 30<br \/>\n<span style=\"font-size: 20px;\"><strong>Samedi 21 :<\/strong><br \/>\n<\/span><strong>9 h &#8211; 12 h<\/strong>&nbsp;: Jugement des s\u00e9ries d&rsquo;Auteur.<br \/>\n<strong>12 h 30<\/strong> Buffet campagnard pour les personnes inscrites. (r\u00e9servation en cliquant sur l&rsquo;image ci-dessous)<br \/>\n<strong>14 h 15 h :<\/strong> jugement des s\u00e9ries d&rsquo;Auteur <span style=\"font-size: 14px;\">(suite)<\/span><br \/>\n<strong>15 h &#8211; 19 h<\/strong>&nbsp;: Jugement coupe de France Auteur<br \/>\n<strong><span style=\"font-size: 20px;\">Dimanche 22 :<\/span><br \/>\n9 h &#8211; 11 h<\/strong> :<strong>&nbsp;<\/strong>Jugement final des 15 meilleures s\u00e9ries d&rsquo;Auteur et des 10 meilleures s\u00e9ries Coupe de France.<br \/>\n<strong>11 h &#8211; 12 h<\/strong>&nbsp;: Proclamation des r\u00e9sultats et pot de cl\u00f4ture.<\/p>\n<p><a href=\"https:\/\/docs.google.com\/forms\/d\/e\/1FAIpQLSeONsc-98GfC1jM1C1Kqro58nZBcz3LvtKwD54pevocVOyrZA\/viewform?usp=sf_link\" target=\"_blank\" rel=\"noopener\"><img loading=\"lazy\" decoding=\"async\" class=\"alignleft wp-image-1638 size-full\" src=\"https:\/\/www.amateurphoto.fr\/pvcc\/wp-content\/uploads\/2017\/09\/Affiche-auteurs-national-2018-Compiegne.jpg\" alt=\"\" width=\"1240\" height=\"1754\"><\/a><\/p>\n","protected":false},"excerpt":{"rendered":"<p>Le Photo Vid\u00e9o Club de Compi\u00e8gne est heureux d&rsquo;accueillir le jugement du concours national Auteur et&nbsp;&nbsp;la 1er coupe de France Auteur : Cet \u00e9v\u00e9nement se d\u00e9roulera sur trois jours les 20-21-22 avril 2018 dans les salles Saint-Nicolas, 3 rue Jeanne d&rsquo;Arc \u00e0 Compi\u00e8gne.&nbsp;Entr\u00e9e LIBRE&nbsp; Programme :&nbsp;&nbsp; Vendredi 20 : pr\u00e9s\u00e9lection des s\u00e9ries au club du &hellip; <a href=\"https:\/\/www.amateurphoto.fr\/pvcc\/concours-national-auteur\/\" class=\"more-link\">Continuer la lecture<span class=\"screen-reader-text\"> de &laquo;&nbsp;Concours National AUTEUR&nbsp;&raquo;<\/span><\/a><\/p>\n","protected":false},"author":1,"featured_media":0,"comment_status":"open","ping_status":"open","sticky":false,"template":"","format":"standard","meta":{"ngg_post_thumbnail":0,"_vp_format_video_url":"","_vp_image_focal_point":[],"footnotes":""},"categories":[3,79],"tags":[],"class_list":["post-1438","post","type-post","status-publish","format-standard","hentry","category-concours-photo","category-national_fpf"],"aioseo_notices":[],"builder_content":"","_links":{"self":[{"href":"https:\/\/www.amateurphoto.fr\/pvcc\/wp-json\/wp\/v2\/posts\/1438","targetHints":{"allow":["GET"]}}],"collection":[{"href":"https:\/\/www.amateurphoto.fr\/pvcc\/wp-json\/wp\/v2\/posts"}],"about":[{"href":"https:\/\/www.amateurphoto.fr\/pvcc\/wp-json\/wp\/v2\/types\/post"}],"author":[{"embeddable":true,"href":"https:\/\/www.amateurphoto.fr\/pvcc\/wp-json\/wp\/v2\/users\/1"}],"replies":[{"embeddable":true,"href":"https:\/\/www.amateurphoto.fr\/pvcc\/wp-json\/wp\/v2\/comments?post=1438"}],"version-history":[{"count":12,"href":"https:\/\/www.amateurphoto.fr\/pvcc\/wp-json\/wp\/v2\/posts\/1438\/revisions"}],"predecessor-version":[{"id":1675,"href":"https:\/\/www.amateurphoto.fr\/pvcc\/wp-json\/wp\/v2\/posts\/1438\/revisions\/1675"}],"wp:attachment":[{"href":"https:\/\/www.amateurphoto.fr\/pvcc\/wp-json\/wp\/v2\/media?parent=1438"}],"wp:term":[{"taxonomy":"category","embeddable":true,"href":"https:\/\/www.amateurphoto.fr\/pvcc\/wp-json\/wp\/v2\/categories?post=1438"},{"taxonomy":"post_tag","embeddable":true,"href":"https:\/\/www.amateurphoto.fr\/pvcc\/wp-json\/wp\/v2\/tags?post=1438"}],"curies":[{"name":"wp","href":"https:\/\/api.w.org\/{rel}","templated":true}]}}