{"id":6,"count":4,"description":"Formation FPF d\u00e9centralis\u00e9e en r\u00e9gion aux m\u00eames conditions.","link":"https:\/\/www.amateurphoto.fr\/pvcc\/category\/formation\/formation-ur-19\/","name":"Formation UR-19","slug":"formation-ur-19","taxonomy":"category","parent":4,"meta":[],"_links":{"self":[{"href":"https:\/\/www.amateurphoto.fr\/pvcc\/wp-json\/wp\/v2\/categories\/6","targetHints":{"allow":["GET"]}}],"collection":[{"href":"https:\/\/www.amateurphoto.fr\/pvcc\/wp-json\/wp\/v2\/categories"}],"about":[{"href":"https:\/\/www.amateurphoto.fr\/pvcc\/wp-json\/wp\/v2\/taxonomies\/category"}],"up":[{"embeddable":true,"href":"https:\/\/www.amateurphoto.fr\/pvcc\/wp-json\/wp\/v2\/categories\/4"}],"wp:post_type":[{"href":"https:\/\/www.amateurphoto.fr\/pvcc\/wp-json\/wp\/v2\/posts?categories=6"}],"curies":[{"name":"wp","href":"https:\/\/api.w.org\/{rel}","templated":true}]}}