{"id":12,"count":4,"description":"Soir\u00e9es techniques les troisi\u00e8mes et cinqui\u00e8me vendredis du mois","link":"https:\/\/www.amateurphoto.fr\/pvcc\/category\/le-vendredi\/technique\/","name":"Technique","slug":"technique","taxonomy":"category","parent":11,"meta":[],"_links":{"self":[{"href":"https:\/\/www.amateurphoto.fr\/pvcc\/wp-json\/wp\/v2\/categories\/12","targetHints":{"allow":["GET"]}}],"collection":[{"href":"https:\/\/www.amateurphoto.fr\/pvcc\/wp-json\/wp\/v2\/categories"}],"about":[{"href":"https:\/\/www.amateurphoto.fr\/pvcc\/wp-json\/wp\/v2\/taxonomies\/category"}],"up":[{"embeddable":true,"href":"https:\/\/www.amateurphoto.fr\/pvcc\/wp-json\/wp\/v2\/categories\/11"}],"wp:post_type":[{"href":"https:\/\/www.amateurphoto.fr\/pvcc\/wp-json\/wp\/v2\/posts?categories=12"}],"curies":[{"name":"wp","href":"https:\/\/api.w.org\/{rel}","templated":true}]}}